{"id":1015,"date":"2017-11-12T17:26:29","date_gmt":"2017-11-12T16:26:29","guid":{"rendered":"http:\/\/www.zssgorkabusko.pl\/?p=1015"},"modified":"2017-11-13T15:31:29","modified_gmt":"2017-11-13T14:31:29","slug":"narodowe-swieto-niepodleglosci","status":"publish","type":"post","link":"https:\/\/www.zssgorkabusko.pl\/index.php\/2017\/11\/12\/narodowe-swieto-niepodleglosci\/","title":{"rendered":"NARODOWE \u015aWI\u0118TO NIEPODLEG\u0141O\u015aCI"},"content":{"rendered":"<p>Narodowe \u015awi\u0119to Niepodleg\u0142o\u015bci obchodzone jest corocznie 11 listopada dla upami\u0119tnienia odzyskania przez Polsk\u0119 niepodleg\u0142o\u015bci w 1918 roku po 123 latach zabor\u00f3w.<br \/>\nZ tej to okazji, 9 listopada odby\u0142a si\u0119 w naszej szkole akademia. Recytowane wiersze, \u015bpiewane pie\u015bni patriotyczne przypomnia\u0142y nam wa\u017cne wydarzenia, pocz\u0105wszy od dnia, kiedy Polska przesta\u0142a istnie\u0107 na mapie Europy, przez dzieje narodu polskiego w okresie zabor\u00f3w do dnia, w kt\u00f3rym wzesz\u0142a jutrzenka wolno\u015bci.<br \/>\nNiezwykle uroczysty nastr\u00f3j stworzy\u0142 wykonany przez uczestnik\u00f3w hymn pa\u0144stwowy <a href=\"https:\/\/pl.wikipedia.org\/wiki\/Polska\"><span style=\"color: #000000;\">Rzeczypospolitej Polskiej<\/span><\/a><span style=\"color: #000000;\">,<\/span> <em>Mazurek D\u0105browskiego.<br \/>\n<\/em>Nast\u0119pnie wyst\u0105pi\u0142a pani dyrektor Justyna Kwiatkowska. W swoim przem\u00f3wieniu podkre\u015bli\u0142a&nbsp; znaczenie patriotyzmu i rol\u0119 ojczyzny w naszym \u017cyciu. Podzi\u0119kowa\u0142a r\u00f3wnie\u017c nauczycielom i uczniom za przygotowan\u0105 <em>lekcj\u0119 historii.<\/em><\/p>\n<p>&nbsp;<\/p>\nngg_shortcode_0_placeholder\n<p>&nbsp;<\/p>\n<p>W dniu 11 listopada uczniowie Zespo\u0142u Szk\u00f3\u0142 Specjalnych uczcili \u015awi\u0119to Niepodleg\u0142o\u015bci uczestnicz\u0105c w uroczystym przemarszu ulicami miasta, a nast\u0119pnie sk\u0142adaj\u0105c kwiaty przed p\u0142yt\u0105 pami\u0105tkow\u0105 po\u015bwi\u0119con\u0105 J\u00f3zefowi Pi\u0142sudskiemu.<br \/>\nUdzia\u0142 w obchodach Narodowego \u015awi\u0119ta Niepodleg\u0142o\u015bci by\u0142 dla m\u0142odych ludzi wa\u017cnym \u017ar\u00f3d\u0142em kszta\u0142towania uczu\u0107 patriotycznych i poczucia dumy narodowej.<\/p>\nngg_shortcode_1_placeholder\n<p>&nbsp;<\/p>\n<p>&nbsp;<\/p>\n","protected":false},"excerpt":{"rendered":"<p>Narodowe \u015awi\u0119to Niepodleg\u0142o\u015bci obchodzone jest corocznie 11 listopada dla upami\u0119tnienia odzyskania przez Polsk\u0119 niepodleg\u0142o\u015bci w 1918 roku po 123 latach zabor\u00f3w. Z tej to okazji, 9 listopada odby\u0142a si\u0119 w naszej szkole akademia. Recytowane wiersze, \u015bpiewane pie\u015bni patriotyczne przypomnia\u0142y nam wa\u017cne wydarzenia, pocz\u0105wszy od dnia, kiedy Polska przesta\u0142a istnie\u0107 na mapie Europy, przez dzieje narodu &#8230; <a title=\"NARODOWE \u015aWI\u0118TO NIEPODLEG\u0141O\u015aCI\" class=\"read-more\" href=\"https:\/\/www.zssgorkabusko.pl\/index.php\/2017\/11\/12\/narodowe-swieto-niepodleglosci\/\" aria-label=\"Dowiedz si\u0119 wi\u0119cej o NARODOWE \u015aWI\u0118TO NIEPODLEG\u0141O\u015aCI\">Dowiedz si\u0119 wi\u0119cej<\/a><\/p>\n","protected":false},"author":2,"featured_media":0,"comment_status":"closed","ping_status":"open","sticky":false,"template":"","format":"standard","meta":{"ngg_post_thumbnail":0,"footnotes":""},"categories":[1],"tags":[],"class_list":["post-1015","post","type-post","status-publish","format-standard","hentry","category-bez-kategorii"],"_links":{"self":[{"href":"https:\/\/www.zssgorkabusko.pl\/index.php\/wp-json\/wp\/v2\/posts\/1015","targetHints":{"allow":["GET"]}}],"collection":[{"href":"https:\/\/www.zssgorkabusko.pl\/index.php\/wp-json\/wp\/v2\/posts"}],"about":[{"href":"https:\/\/www.zssgorkabusko.pl\/index.php\/wp-json\/wp\/v2\/types\/post"}],"author":[{"embeddable":true,"href":"https:\/\/www.zssgorkabusko.pl\/index.php\/wp-json\/wp\/v2\/users\/2"}],"replies":[{"embeddable":true,"href":"https:\/\/www.zssgorkabusko.pl\/index.php\/wp-json\/wp\/v2\/comments?post=1015"}],"version-history":[{"count":6,"href":"https:\/\/www.zssgorkabusko.pl\/index.php\/wp-json\/wp\/v2\/posts\/1015\/revisions"}],"predecessor-version":[{"id":1049,"href":"https:\/\/www.zssgorkabusko.pl\/index.php\/wp-json\/wp\/v2\/posts\/1015\/revisions\/1049"}],"wp:attachment":[{"href":"https:\/\/www.zssgorkabusko.pl\/index.php\/wp-json\/wp\/v2\/media?parent=1015"}],"wp:term":[{"taxonomy":"category","embeddable":true,"href":"https:\/\/www.zssgorkabusko.pl\/index.php\/wp-json\/wp\/v2\/categories?post=1015"},{"taxonomy":"post_tag","embeddable":true,"href":"https:\/\/www.zssgorkabusko.pl\/index.php\/wp-json\/wp\/v2\/tags?post=1015"}],"curies":[{"name":"wp","href":"https:\/\/api.w.org\/{rel}","templated":true}]}}