{"id":10239,"date":"2025-03-22T17:56:03","date_gmt":"2025-03-22T16:56:03","guid":{"rendered":"https:\/\/www.zssgorkabusko.pl\/?p=10239"},"modified":"2025-03-22T19:21:52","modified_gmt":"2025-03-22T18:21:52","slug":"ogolnopolskitydzien-uwaznosci-w-szkole-i-w-przedszkolu-w-rytmie-ciala-17-21-marca-2025r","status":"publish","type":"post","link":"https:\/\/www.zssgorkabusko.pl\/index.php\/2025\/03\/22\/ogolnopolskitydzien-uwaznosci-w-szkole-i-w-przedszkolu-w-rytmie-ciala-17-21-marca-2025r\/","title":{"rendered":"OG\u00d3LNOPOLSKI TYDZIE\u0143 UWA\u017bNO\u015aCI W SZKOLE I W PRZEDSZKOLU \u201e W RYTMIE CIA\u0141A\u201d 17-21 MARCA 2025r."},"content":{"rendered":"\n<p>Tydzie\u0144 uwa\u017cno\u015bci w Zespole Szk\u00f3\u0142 Specjalnych w Busku-Zdroju by\u0142 pe\u0142en tw\u00f3rczych i relaksuj\u0105cych zaj\u0119\u0107, kt\u00f3re mia\u0142y na celu rozwijanie \u015bwiadomo\u015bci, koncentracji oraz emocjonalnej wra\u017cliwo\u015bci wychowank\u00f3w. G\u0142\u00f3wne cele tych zaj\u0119\u0107 to nie tylko nauka uwa\u017cno\u015bci, ale tak\u017ce wspieranie rozwoju umiej\u0119tno\u015bci radzenia sobie ze stresem, poprawa koncentracji oraz budowanie empatii wobec innych. Uczniowie mieli okazj\u0119 lepiej pozna\u0107 siebie, swoje emocje i zmys\u0142y, a tak\u017ce dowiedzie\u0107 si\u0119, jak by\u0107 bardziej uwa\u017cnym zar\u00f3wno w relacjach z innymi, jak i w codziennym \u017cyciu. <br>Oto szczeg\u00f3\u0142y poszczeg\u00f3lnych dni:<\/p>\n\n\n\n<p><strong>Dzie\u0144 Pierwszy: &#8222;Muzyka w obrazie ukryta&#8221; <\/strong><strong>\ud83c\udfb5\ud83c\udfa8<\/strong><strong><\/strong><\/p>\n\n\n\n<p>Wychowankowie zacz\u0119li tydzie\u0144 od s\u0142uchania muzyki, kt\u00f3ra inspirowa\u0142a ich do tworzenia obraz\u00f3w. Ka\u017cdy malowa\u0142, staraj\u0105c si\u0119 odda\u0107 w swojej pracy nastr\u00f3j i emocje, jakie wywo\u0142a\u0142a s\u0142yszana melodia. By\u0142a to doskona\u0142a okazja do wyra\u017cenia siebie poprzez sztuk\u0119!<\/p>\n\n\n\n<p><strong>Dzie\u0144 Drugi: &#8222;S\u0142oiczki emocji &#8211; zr\u00f3b sam i zobacz, jak to dzia\u0142a&#8221; <\/strong><strong>\ud83c\udffa\ud83d\udc96<\/strong><strong><\/strong><\/p>\n\n\n\n<p>W drugim dniu wychowankowie wykonali &#8222;s\u0142oiczki emocji&#8221;, kt\u00f3re s\u0142u\u017cy\u0142y jako narz\u0119dzie do wyra\u017cania swoich uczu\u0107. W s\u0142oiczkach umieszczono r\u00f3\u017cnokolorowy brokat i inne ozdoby, kt\u00f3re mia\u0142y symbolizowa\u0107 r\u00f3\u017cne emocje. To kreatywne zadanie pomaga\u0142o uczniom w nauce rozpoznawania <br>i zarz\u0105dzania swoimi emocjami. Powsta\u0142a r\u00f3wnie\u017c wystawa prac przedstawiaj\u0105cych w formie plastycznej \u201eS\u0142oiczki emocji\u201d.<\/p>\n\n\n\n<p><strong>Dzie\u0144 Trzeci: &#8222;Oddychaj r\u00f3wno \u2013 oddychaj swobodnie&#8221; <\/strong><strong>\ud83c\udf2c\ufe0f\ud83d\udc86<\/strong><strong>\u200d<\/strong><strong>\u2640\ufe0f<\/strong><strong><\/strong><\/p>\n\n\n\n<p>Zaj\u0119cia oddechowe by\u0142y tematem trzeciego dnia. Wychowankowie uczyli si\u0119 prostych technik oddechowych, kt\u00f3re pozwalaj\u0105 si\u0119 zrelaksowa\u0107 <br>i lepiej skoncentrowa\u0107. \u0106wiczenia oddechowe pomog\u0142y dzieciom poczu\u0107 si\u0119 spokojniej i bardziej uwa\u017cnie w codziennych sytuacjach.<\/p>\n\n\n\n<p><strong>Dzie\u0144 Czwarty: &#8222;B\u0105d\u017a cicho, pos\u0142uchaj \u2013 rozr\u00f3\u017cnianie d\u017awi\u0119k\u00f3w w przyrodzie&#8221; <\/strong><strong>\ud83c\udf33\ud83d\udd0a<\/strong><strong><\/strong><\/p>\n\n\n\n<p>Czwartego dnia, wychowankowie udali si\u0119 na spacer do parku, gdzie w ciszy starali si\u0119 rozpozna\u0107 d\u017awi\u0119ki natury. Po powrocie, wychowankowie omawiali us\u0142yszane d\u017awi\u0119ki, co sprzyja\u0142o rozwoju ich umiej\u0119tno\u015bci s\u0142uchowych oraz wra\u017cliwo\u015bci na otaczaj\u0105cy je \u015bwiat.<\/p>\n\n\n\n<p><strong>Dzie\u0144 Pi\u0105ty: &#8222;B\u0105d\u017amy uwa\u017cni nie tylko na siebie&#8221; <\/strong><strong>\ud83d\udc9e\ud83e\udd1d<\/strong><strong><\/strong><\/p>\n\n\n\n<p>Ostatni dzie\u0144 tygodnia po\u015bwi\u0119cony by\u0142 uwa\u017cno\u015bci na innych. Uczniowie wykonywali zadania wsp\u00f3\u0142pracy, kt\u00f3re sprzyja\u0142y budowaniu empatii<br>i wzajemnego zrozumienia. Zaj\u0119cia pozwoli\u0142y wychowankom nauczy\u0107 si\u0119, jak wa\u017cna jest troska o innych i jak mo\u017cna wspiera\u0107 siebie nawzajem.<\/p>\n\n\n\n<p>Tydzie\u0144 uwa\u017cno\u015bci w Zespole Szk\u00f3\u0142 Specjalnych w Busku-Zdroju by\u0142 pe\u0142en inspiruj\u0105cych dzia\u0142a\u0144, kt\u00f3re wzbogaci\u0142y \u017cycie uczni\u00f3w o nowe do\u015bwiadczenia i umiej\u0119tno\u015bci, pomagaj\u0105c im w lepszym zrozumieniu siebie i \u015bwiata wok\u00f3\u0142 nich.<\/p>\n\n\n\n<figure class=\"wp-block-video\"><video controls src=\"https:\/\/www.zssgorkabusko.pl\/wp-content\/uploads\/2025\/03\/Biala-Niebieska-Zielona-i-Zolta-Kolaz-Zdjec-Nowoczesna-Nowy-Pracownik-Onboa_20250322_142931_0002.mp4\"><\/video><\/figure>\n\n\n\n<p>Organizator\/Foto: Zdj\u0119cia wykonano aparatem fotograficznym Canon w ramach programu ,,Laboratoria Przysz\u0142o\u015bci&#8221;: D. J\u00f3zefiak, A. Fr\u0105czkiewicz, <br>A. Mazur, M. Karpowicz, I. Klepka, M. Kwa\u015bniewski<\/p>\n","protected":false},"excerpt":{"rendered":"<p>Tydzie\u0144 uwa\u017cno\u015bci w Zespole Szk\u00f3\u0142 Specjalnych w Busku-Zdroju by\u0142 pe\u0142en tw\u00f3rczych i relaksuj\u0105cych zaj\u0119\u0107, kt\u00f3re mia\u0142y na celu rozwijanie \u015bwiadomo\u015bci, koncentracji oraz emocjonalnej wra\u017cliwo\u015bci wychowank\u00f3w. G\u0142\u00f3wne cele tych zaj\u0119\u0107 to nie tylko nauka uwa\u017cno\u015bci, ale tak\u017ce wspieranie rozwoju umiej\u0119tno\u015bci radzenia sobie ze stresem, poprawa koncentracji oraz budowanie empatii wobec innych. Uczniowie mieli okazj\u0119 lepiej pozna\u0107 &#8230; <a title=\"OG\u00d3LNOPOLSKI TYDZIE\u0143 UWA\u017bNO\u015aCI W SZKOLE I W PRZEDSZKOLU \u201e W RYTMIE CIA\u0141A\u201d 17-21 MARCA 2025r.\" class=\"read-more\" href=\"https:\/\/www.zssgorkabusko.pl\/index.php\/2025\/03\/22\/ogolnopolskitydzien-uwaznosci-w-szkole-i-w-przedszkolu-w-rytmie-ciala-17-21-marca-2025r\/\" aria-label=\"Dowiedz si\u0119 wi\u0119cej o OG\u00d3LNOPOLSKI TYDZIE\u0143 UWA\u017bNO\u015aCI W SZKOLE I W PRZEDSZKOLU \u201e W RYTMIE CIA\u0141A\u201d 17-21 MARCA 2025r.\">Dowiedz si\u0119 wi\u0119cej<\/a><\/p>\n","protected":false},"author":2,"featured_media":0,"comment_status":"closed","ping_status":"open","sticky":false,"template":"","format":"standard","meta":{"ngg_post_thumbnail":0,"footnotes":""},"categories":[1],"tags":[],"class_list":["post-10239","post","type-post","status-publish","format-standard","hentry","category-bez-kategorii"],"_links":{"self":[{"href":"https:\/\/www.zssgorkabusko.pl\/index.php\/wp-json\/wp\/v2\/posts\/10239","targetHints":{"allow":["GET"]}}],"collection":[{"href":"https:\/\/www.zssgorkabusko.pl\/index.php\/wp-json\/wp\/v2\/posts"}],"about":[{"href":"https:\/\/www.zssgorkabusko.pl\/index.php\/wp-json\/wp\/v2\/types\/post"}],"author":[{"embeddable":true,"href":"https:\/\/www.zssgorkabusko.pl\/index.php\/wp-json\/wp\/v2\/users\/2"}],"replies":[{"embeddable":true,"href":"https:\/\/www.zssgorkabusko.pl\/index.php\/wp-json\/wp\/v2\/comments?post=10239"}],"version-history":[{"count":5,"href":"https:\/\/www.zssgorkabusko.pl\/index.php\/wp-json\/wp\/v2\/posts\/10239\/revisions"}],"predecessor-version":[{"id":10252,"href":"https:\/\/www.zssgorkabusko.pl\/index.php\/wp-json\/wp\/v2\/posts\/10239\/revisions\/10252"}],"wp:attachment":[{"href":"https:\/\/www.zssgorkabusko.pl\/index.php\/wp-json\/wp\/v2\/media?parent=10239"}],"wp:term":[{"taxonomy":"category","embeddable":true,"href":"https:\/\/www.zssgorkabusko.pl\/index.php\/wp-json\/wp\/v2\/categories?post=10239"},{"taxonomy":"post_tag","embeddable":true,"href":"https:\/\/www.zssgorkabusko.pl\/index.php\/wp-json\/wp\/v2\/tags?post=10239"}],"curies":[{"name":"wp","href":"https:\/\/api.w.org\/{rel}","templated":true}]}}