{"id":10568,"date":"2025-05-02T21:23:33","date_gmt":"2025-05-02T19:23:33","guid":{"rendered":"https:\/\/www.zssgorkabusko.pl\/?p=10568"},"modified":"2025-05-03T11:14:54","modified_gmt":"2025-05-03T09:14:54","slug":"narodowe-swieto-konstytucji-3-maja-2","status":"publish","type":"post","link":"https:\/\/www.zssgorkabusko.pl\/index.php\/2025\/05\/02\/narodowe-swieto-konstytucji-3-maja-2\/","title":{"rendered":"NARODOWE \u015aWI\u0118TO KONSTYTUCJI 3 MAJA"},"content":{"rendered":"\n<p><em>Jest jeszcze co\u015b, co ten kraj r\u00f3\u017cni od innych<\/em><em><br>w uszach Ci brzmi od najm\u0142odszych lat dziecinnych<br>wype\u0142nia place, ulice i domy<br>znajomy zgie\u0142k &#8211; Twoja mowa co l\u015bni.<br><br>Pi\u0119knem wierszy Mickiewicza,<br>powie\u015bciami Sienkiewicza<br>z tej mowy jak ze \u017ar\u00f3d\u0142a czerpiesz si\u0142\u0119 sw\u0105<br>m\u0105dre bajki Krasickiego,<br>poematy S\u0142owackiego<br>prze\u017cy\u0107 Twych bogactwo to Ojczyzna Twa<br>to Ojczyzna Twa.<\/em><\/p>\n\n\n\n<p><em>Ojczyzna \u2013 Marek Grechuta<\/em><\/p>\n\n\n\n<p>29 kwietnia 2025 r. w Zespole Szk\u00f3\u0142 Specjalnych w Busku-Zdroju odby\u0142a si\u0119 akademia po\u015bwi\u0119cona&nbsp; 234. rocznicy uchwalenia przez Sejm Wielki Ustawy Rz\u0105dowej z dnia 3 maja 1791 roku.<\/p>\n\n\n\n<p>Aby upami\u0119tni\u0107 ten donios\u0142y fakt historyczny uczniowie Zespo\u0142u przygotowali monta\u017c s\u0142owno-muzyczny dotycz\u0105cy odleg\u0142ych wydarze\u0144 zwi\u0105zanych z nowatorskimi zmianami ustrojowymi w naszym pa\u0144stwie. Recytowane wiersze i wykonane utwory muzyczne sta\u0142y si\u0119 wyj\u0105tkow\u0105 lekcj\u0105 historii, kt\u00f3ra sk\u0142oni\u0142a zgromadzonych do refleksji nad tym, i\u017c Ojczyzna jest naszym wsp\u00f3lnym dobrem.<\/p>\n\n\n\n<p>Nale\u017cy pami\u0119ta\u0107, o zaanga\u017cowaniu minionych pokole\u0144 i piel\u0119gnowa\u0107 pami\u0119\u0107 o donios\u0142ych momentach dziejowych naszego kraju.<\/p>\n\n\n\n<p>Organizator\/Foto: Zdj\u0119cia wykonano aparatem fotograficznym Canon w ramach programu ,,Laboratoria Przysz\u0142o\u015bci&#8221;: A. Kaszewska, B. Bitner-Sarna, <br>E. Lotko-Pikul, M. Kilijanek, K. B\u0142ach, J. Pasternak<\/p>\n\n\n\nngg_shortcode_0_placeholder\n\n\n\n<figure class=\"wp-block-video aligncenter\"><video controls src=\"https:\/\/www.zssgorkabusko.pl\/wp-content\/uploads\/2025\/05\/38b596d5-a2dd-47cb-90b8-104a926bc8c0.mp4\"><\/video><\/figure>\n\n\n\n<p><\/p>\n","protected":false},"excerpt":{"rendered":"<p>Jest jeszcze co\u015b, co ten kraj r\u00f3\u017cni od innychw uszach Ci brzmi od najm\u0142odszych lat dziecinnychwype\u0142nia place, ulice i domyznajomy zgie\u0142k &#8211; Twoja mowa co l\u015bni. Pi\u0119knem wierszy Mickiewicza,powie\u015bciami Sienkiewiczaz tej mowy jak ze \u017ar\u00f3d\u0142a czerpiesz si\u0142\u0119 sw\u0105m\u0105dre bajki Krasickiego,poematy S\u0142owackiegoprze\u017cy\u0107 Twych bogactwo to Ojczyzna Twato Ojczyzna Twa. Ojczyzna \u2013 Marek Grechuta 29 kwietnia 2025 &#8230; <a title=\"NARODOWE \u015aWI\u0118TO KONSTYTUCJI 3 MAJA\" class=\"read-more\" href=\"https:\/\/www.zssgorkabusko.pl\/index.php\/2025\/05\/02\/narodowe-swieto-konstytucji-3-maja-2\/\" aria-label=\"Dowiedz si\u0119 wi\u0119cej o NARODOWE \u015aWI\u0118TO KONSTYTUCJI 3 MAJA\">Dowiedz si\u0119 wi\u0119cej<\/a><\/p>\n","protected":false},"author":2,"featured_media":0,"comment_status":"closed","ping_status":"open","sticky":false,"template":"","format":"standard","meta":{"ngg_post_thumbnail":0,"footnotes":""},"categories":[1],"tags":[],"class_list":["post-10568","post","type-post","status-publish","format-standard","hentry","category-bez-kategorii"],"_links":{"self":[{"href":"https:\/\/www.zssgorkabusko.pl\/index.php\/wp-json\/wp\/v2\/posts\/10568","targetHints":{"allow":["GET"]}}],"collection":[{"href":"https:\/\/www.zssgorkabusko.pl\/index.php\/wp-json\/wp\/v2\/posts"}],"about":[{"href":"https:\/\/www.zssgorkabusko.pl\/index.php\/wp-json\/wp\/v2\/types\/post"}],"author":[{"embeddable":true,"href":"https:\/\/www.zssgorkabusko.pl\/index.php\/wp-json\/wp\/v2\/users\/2"}],"replies":[{"embeddable":true,"href":"https:\/\/www.zssgorkabusko.pl\/index.php\/wp-json\/wp\/v2\/comments?post=10568"}],"version-history":[{"count":3,"href":"https:\/\/www.zssgorkabusko.pl\/index.php\/wp-json\/wp\/v2\/posts\/10568\/revisions"}],"predecessor-version":[{"id":10583,"href":"https:\/\/www.zssgorkabusko.pl\/index.php\/wp-json\/wp\/v2\/posts\/10568\/revisions\/10583"}],"wp:attachment":[{"href":"https:\/\/www.zssgorkabusko.pl\/index.php\/wp-json\/wp\/v2\/media?parent=10568"}],"wp:term":[{"taxonomy":"category","embeddable":true,"href":"https:\/\/www.zssgorkabusko.pl\/index.php\/wp-json\/wp\/v2\/categories?post=10568"},{"taxonomy":"post_tag","embeddable":true,"href":"https:\/\/www.zssgorkabusko.pl\/index.php\/wp-json\/wp\/v2\/tags?post=10568"}],"curies":[{"name":"wp","href":"https:\/\/api.w.org\/{rel}","templated":true}]}}