{"id":11352,"date":"2025-11-28T21:09:42","date_gmt":"2025-11-28T20:09:42","guid":{"rendered":"https:\/\/www.zssgorkabusko.pl\/?p=11352"},"modified":"2025-11-28T21:09:43","modified_gmt":"2025-11-28T20:09:43","slug":"swiatowy-dzien-pluszowego-misia-4","status":"publish","type":"post","link":"https:\/\/www.zssgorkabusko.pl\/index.php\/2025\/11\/28\/swiatowy-dzien-pluszowego-misia-4\/","title":{"rendered":"\u015aWIATOWY DZIE\u0143 PLUSZOWEGO MISIA"},"content":{"rendered":"\n<p>Wychowankowie <strong>Zespo\u0142u Szk\u00f3\u0142 Specjalnych w Busku- Zdroju<\/strong> z rado\u015bci\u0105 uczestniczyli w obchodach <strong>\u015awiatowego Dnia Pluszowego Misia<\/strong>\ud83e\uddf8\u2764\ufe0f. <br>Na pocz\u0105tku zaj\u0119\u0107 poznali ciekaw\u0105 <strong>histori\u0119 powstania pluszowego misia<\/strong> \u2013 jednego z najbardziej lubianych dzieci\u0119cych przyjaci\u00f3\u0142 na ca\u0142ym \u015bwiecie \ud83c\udf0d\u2728.<\/p>\n\n\n\n<p>Nast\u0119pnie brali udzia\u0142 w tematycznych <strong>quizach i zagadkach na platformie Wordwall<\/strong>\ud83c\udfae\ud83e\udde0, kt\u00f3re sprawi\u0142y im du\u017co frajdy i pozwoli\u0142y sprawdzi\u0107 wiedz\u0119 o misiach w zabawny, interaktywny spos\u00f3b \ud83d\ude04.Wp\u00f3lnie przygotowali <strong>gazetk\u0119 tematyczn\u0105<\/strong>, kt\u00f3rej kolorowe prace i misiowe ozdoby udekorowa\u0142y korytarz oddzia\u0142u \ud83c\udfa8\ud83e\uddf8\ud83c\udf08.<\/p>\n\n\n\n<p>By\u0142 to dzie\u0144 pe\u0142en u\u015bmiechu, ciep\u0142a i misiowej atmosfery! \ud83d\udc9b\u2728<\/p>\n\n\n\n<p>Organizator\/Foto: Zdj\u0119cia wykonano aparatem fotograficznym Canon w ramach programu ,,Laboratoria Przysz\u0142o\u015bci&#8221;:  I. Klepka, M. Karpowicz <br>D. J\u00f3zefiak<\/p>\n\n\n\nngg_shortcode_0_placeholder\n","protected":false},"excerpt":{"rendered":"<p>Wychowankowie Zespo\u0142u Szk\u00f3\u0142 Specjalnych w Busku- Zdroju z rado\u015bci\u0105 uczestniczyli w obchodach \u015awiatowego Dnia Pluszowego Misia\ud83e\uddf8\u2764\ufe0f. Na pocz\u0105tku zaj\u0119\u0107 poznali ciekaw\u0105 histori\u0119 powstania pluszowego misia \u2013 jednego z najbardziej lubianych dzieci\u0119cych przyjaci\u00f3\u0142 na ca\u0142ym \u015bwiecie \ud83c\udf0d\u2728. Nast\u0119pnie brali udzia\u0142 w tematycznych quizach i zagadkach na platformie Wordwall\ud83c\udfae\ud83e\udde0, kt\u00f3re sprawi\u0142y im du\u017co frajdy i pozwoli\u0142y sprawdzi\u0107 &#8230; <a title=\"\u015aWIATOWY DZIE\u0143 PLUSZOWEGO MISIA\" class=\"read-more\" href=\"https:\/\/www.zssgorkabusko.pl\/index.php\/2025\/11\/28\/swiatowy-dzien-pluszowego-misia-4\/\" aria-label=\"Dowiedz si\u0119 wi\u0119cej o \u015aWIATOWY DZIE\u0143 PLUSZOWEGO MISIA\">Dowiedz si\u0119 wi\u0119cej<\/a><\/p>\n","protected":false},"author":2,"featured_media":0,"comment_status":"closed","ping_status":"open","sticky":false,"template":"","format":"standard","meta":{"ngg_post_thumbnail":0,"footnotes":""},"categories":[1],"tags":[],"class_list":["post-11352","post","type-post","status-publish","format-standard","hentry","category-bez-kategorii"],"_links":{"self":[{"href":"https:\/\/www.zssgorkabusko.pl\/index.php\/wp-json\/wp\/v2\/posts\/11352","targetHints":{"allow":["GET"]}}],"collection":[{"href":"https:\/\/www.zssgorkabusko.pl\/index.php\/wp-json\/wp\/v2\/posts"}],"about":[{"href":"https:\/\/www.zssgorkabusko.pl\/index.php\/wp-json\/wp\/v2\/types\/post"}],"author":[{"embeddable":true,"href":"https:\/\/www.zssgorkabusko.pl\/index.php\/wp-json\/wp\/v2\/users\/2"}],"replies":[{"embeddable":true,"href":"https:\/\/www.zssgorkabusko.pl\/index.php\/wp-json\/wp\/v2\/comments?post=11352"}],"version-history":[{"count":8,"href":"https:\/\/www.zssgorkabusko.pl\/index.php\/wp-json\/wp\/v2\/posts\/11352\/revisions"}],"predecessor-version":[{"id":11367,"href":"https:\/\/www.zssgorkabusko.pl\/index.php\/wp-json\/wp\/v2\/posts\/11352\/revisions\/11367"}],"wp:attachment":[{"href":"https:\/\/www.zssgorkabusko.pl\/index.php\/wp-json\/wp\/v2\/media?parent=11352"}],"wp:term":[{"taxonomy":"category","embeddable":true,"href":"https:\/\/www.zssgorkabusko.pl\/index.php\/wp-json\/wp\/v2\/categories?post=11352"},{"taxonomy":"post_tag","embeddable":true,"href":"https:\/\/www.zssgorkabusko.pl\/index.php\/wp-json\/wp\/v2\/tags?post=11352"}],"curies":[{"name":"wp","href":"https:\/\/api.w.org\/{rel}","templated":true}]}}