{"id":11519,"date":"2026-01-19T17:14:44","date_gmt":"2026-01-19T16:14:44","guid":{"rendered":"https:\/\/www.zssgorkabusko.pl\/?p=11519"},"modified":"2026-01-19T20:31:09","modified_gmt":"2026-01-19T19:31:09","slug":"ii-cykl-dzialansladami-dr-szymona-starkiewicza","status":"publish","type":"post","link":"https:\/\/www.zssgorkabusko.pl\/index.php\/2026\/01\/19\/ii-cykl-dzialansladami-dr-szymona-starkiewicza\/","title":{"rendered":"II CYKL DZIA\u0141A\u0143,,\u015aLADAMI DR. SZYMONA STARKIEWICZA&#8221;"},"content":{"rendered":"\n<p><strong><em>Dzie\u0144 1- Prezentacja o dr. Szymonie Starkiewiczu<\/em><\/strong><br><br>W czasie pierwszego spotkania uczniowie wzi\u0119li udzia\u0142 w prezentacji po\u015bwi\u0119conej postaci dr. Szymona Starkiewicza &#8211; lekarza, spo\u0142ecznika <br>i dzia\u0142acza, kt\u00f3ry swoj\u0105 prac\u0105 i oddaniem wpisa\u0142 si\u0119 w histori\u0119 regionu. Uczniowie poznali, najwa\u017cniejsze fakty z jego \u017cycia, obejrzeli zdj\u0119cia archiwalne oraz wys\u0142uchali kr\u00f3tkiej opowie\u015bci o jego dzia\u0142alno\u015bci na rzecz najm\u0142odszych.<br><br><\/p>\n\n\n<div class=\"wp-block-image\">\n<figure class=\"aligncenter size-full\"><img loading=\"lazy\" decoding=\"async\" width=\"544\" height=\"480\" src=\"https:\/\/www.zssgorkabusko.pl\/wp-content\/uploads\/2026\/01\/IMG_20260118_184023_edit_696476058246840.jpg\" alt=\"\" class=\"wp-image-11520\" srcset=\"https:\/\/www.zssgorkabusko.pl\/wp-content\/uploads\/2026\/01\/IMG_20260118_184023_edit_696476058246840.jpg 544w, https:\/\/www.zssgorkabusko.pl\/wp-content\/uploads\/2026\/01\/IMG_20260118_184023_edit_696476058246840-300x265.jpg 300w, https:\/\/www.zssgorkabusko.pl\/wp-content\/uploads\/2026\/01\/IMG_20260118_184023_edit_696476058246840-100x88.jpg 100w\" sizes=\"auto, (max-width: 544px) 100vw, 544px\" \/><\/figure><\/div>\n\n\n<p><br><em><strong>Dzie\u0144 2- Czytanie fragment\u00f3w ksi\u0105\u017cki ,,Czyn i \u0142za&#8221;<\/strong><\/em><br><br>Drugiego dnia odby\u0142o si\u0119 wsp\u00f3lne czytanie wybranych fragment\u00f3w ksi\u0105\u017cek ,,Czyn i \u0142za&#8221;. Wychowankowie mieli okazj\u0119 pozna\u0107 bardziej osobisty <br>i refleksyjny obraz dr. Sz. Starkiewicza<\/p>\n\n\n<div class=\"wp-block-image\">\n<figure class=\"aligncenter size-full\"><img loading=\"lazy\" decoding=\"async\" width=\"640\" height=\"480\" src=\"https:\/\/www.zssgorkabusko.pl\/wp-content\/uploads\/2026\/01\/IMG_20260118_181611.jpg\" alt=\"\" class=\"wp-image-11521\" srcset=\"https:\/\/www.zssgorkabusko.pl\/wp-content\/uploads\/2026\/01\/IMG_20260118_181611.jpg 640w, https:\/\/www.zssgorkabusko.pl\/wp-content\/uploads\/2026\/01\/IMG_20260118_181611-300x225.jpg 300w, https:\/\/www.zssgorkabusko.pl\/wp-content\/uploads\/2026\/01\/IMG_20260118_181611-100x75.jpg 100w\" sizes=\"auto, (max-width: 640px) 100vw, 640px\" \/><\/figure><\/div>\n\n\n<p><br><br><strong><em>Dzie\u0144 3- Spacer edukacyjny do parku- sanatorium Marconi<\/em><\/strong><br><br>Trzeciego dnia wychowankowie wybrali si\u0119 na spacer do parku do sanatorium Marconi gdzie obejrzeli wystaw\u0119 fotografii ,,G\u00f3rki&#8221;. <br>Dzieci mog\u0142y por\u00f3wna\u0107 dawne oblicze miejsc zwi\u0105zanych z dzia\u0142alno\u015bci\u0105 dr.Sz.Starkiewicza z ich wsp\u00f3\u0142czesnym wygl\u0105dem. Spacer by\u0142 okazj\u0105 do rozm\u00f3w o przemijaniu, pami\u0119ci oraz znaczeniu miejsc, kt\u00f3re wsp\u00f3\u0142tworz\u0105 histori\u0119 lokalnej spo\u0142eczno\u015bci. Wystawa wzbudzi\u0142a wiele emocji i sta\u0142a si\u0119 inspiracj\u0105 do dalszych dzia\u0142a\u0144 tw\u00f3rczych.<\/p>\n\n\n\n<figure class=\"wp-block-gallery has-nested-images columns-default is-cropped wp-block-gallery-1 is-layout-flex wp-block-gallery-is-layout-flex\">\n<figure class=\"wp-block-image size-large\"><img loading=\"lazy\" decoding=\"async\" width=\"640\" height=\"480\" data-id=\"11524\" src=\"https:\/\/www.zssgorkabusko.pl\/wp-content\/uploads\/2026\/01\/IMG_20260118_144740.jpg\" alt=\"\" class=\"wp-image-11524\" srcset=\"https:\/\/www.zssgorkabusko.pl\/wp-content\/uploads\/2026\/01\/IMG_20260118_144740.jpg 640w, https:\/\/www.zssgorkabusko.pl\/wp-content\/uploads\/2026\/01\/IMG_20260118_144740-300x225.jpg 300w, https:\/\/www.zssgorkabusko.pl\/wp-content\/uploads\/2026\/01\/IMG_20260118_144740-100x75.jpg 100w\" sizes=\"auto, (max-width: 640px) 100vw, 640px\" \/><\/figure>\n\n\n\n<figure class=\"wp-block-image size-large\"><img loading=\"lazy\" decoding=\"async\" width=\"441\" height=\"640\" data-id=\"11523\" src=\"https:\/\/www.zssgorkabusko.pl\/wp-content\/uploads\/2026\/01\/IMG_20260118_185724.jpg\" alt=\"\" class=\"wp-image-11523\" srcset=\"https:\/\/www.zssgorkabusko.pl\/wp-content\/uploads\/2026\/01\/IMG_20260118_185724.jpg 441w, https:\/\/www.zssgorkabusko.pl\/wp-content\/uploads\/2026\/01\/IMG_20260118_185724-207x300.jpg 207w, https:\/\/www.zssgorkabusko.pl\/wp-content\/uploads\/2026\/01\/IMG_20260118_185724-100x145.jpg 100w\" sizes=\"auto, (max-width: 441px) 100vw, 441px\" \/><\/figure>\n<\/figure>\n\n\n\n<p><br><br><strong><em>Dzie\u0144 4- Wykonanie albumu i prezentacja w innej szkole<\/em><\/strong><br><br>Czwarty dzie\u0144 po\u015bwi\u0119cono pracy tw\u00f3rczej. Uczniowie wsp\u00f3lnie wykonali album po\u015bwi\u0119cony dr. Sz. Starkiewiczowi- umie\u015bcili w nim zdj\u0119cia, kr\u00f3tkie opisy, ilustracje.Gotowy album zosta\u0142 zaprezentowany uczniom zaprzyja\u017anionej szko\u0142y podstawowej.<\/p>\n\n\n\n<figure class=\"wp-block-gallery has-nested-images columns-2 is-cropped wp-block-gallery-2 is-layout-flex wp-block-gallery-is-layout-flex\">\n<figure class=\"wp-block-image size-large\"><img loading=\"lazy\" decoding=\"async\" width=\"480\" height=\"640\" data-id=\"11525\" src=\"https:\/\/www.zssgorkabusko.pl\/wp-content\/uploads\/2026\/01\/IMG_20260116_094618.jpg\" alt=\"\" class=\"wp-image-11525\" srcset=\"https:\/\/www.zssgorkabusko.pl\/wp-content\/uploads\/2026\/01\/IMG_20260116_094618.jpg 480w, https:\/\/www.zssgorkabusko.pl\/wp-content\/uploads\/2026\/01\/IMG_20260116_094618-225x300.jpg 225w, https:\/\/www.zssgorkabusko.pl\/wp-content\/uploads\/2026\/01\/IMG_20260116_094618-100x133.jpg 100w\" sizes=\"auto, (max-width: 480px) 100vw, 480px\" \/><\/figure>\n\n\n\n<figure class=\"wp-block-image size-large\"><img loading=\"lazy\" decoding=\"async\" width=\"640\" height=\"480\" data-id=\"11526\" src=\"https:\/\/www.zssgorkabusko.pl\/wp-content\/uploads\/2026\/01\/IMG_20260116_094959.jpg\" alt=\"\" class=\"wp-image-11526\" srcset=\"https:\/\/www.zssgorkabusko.pl\/wp-content\/uploads\/2026\/01\/IMG_20260116_094959.jpg 640w, https:\/\/www.zssgorkabusko.pl\/wp-content\/uploads\/2026\/01\/IMG_20260116_094959-300x225.jpg 300w, https:\/\/www.zssgorkabusko.pl\/wp-content\/uploads\/2026\/01\/IMG_20260116_094959-100x75.jpg 100w\" sizes=\"auto, (max-width: 640px) 100vw, 640px\" \/><\/figure>\n\n\n\n<figure class=\"wp-block-image size-large\"><img loading=\"lazy\" decoding=\"async\" width=\"640\" height=\"480\" data-id=\"11527\" src=\"https:\/\/www.zssgorkabusko.pl\/wp-content\/uploads\/2026\/01\/IMG_20260118_182015.jpg\" alt=\"\" class=\"wp-image-11527\" srcset=\"https:\/\/www.zssgorkabusko.pl\/wp-content\/uploads\/2026\/01\/IMG_20260118_182015.jpg 640w, https:\/\/www.zssgorkabusko.pl\/wp-content\/uploads\/2026\/01\/IMG_20260118_182015-300x225.jpg 300w, https:\/\/www.zssgorkabusko.pl\/wp-content\/uploads\/2026\/01\/IMG_20260118_182015-100x75.jpg 100w\" sizes=\"auto, (max-width: 640px) 100vw, 640px\" \/><\/figure>\n<\/figure>\n\n\n\n<p><br><br><strong><em>Dzie\u0144 5- Tworzenie \u015bwi\u0105tecznej wi\u0105zanki<br><\/em><\/strong><br>Ostatniego dnia wychowankowie wykonali \u015bwi\u0105teczn\u0105 wi\u0105zank\u0119 bo\u017conarodzeniow\u0105. Praca mia\u0142a charakter symboliczny &#8211; by\u0142a wyrazem pami\u0119ci <br>i szacunku dla dr. Sz. Starkiewicza. Gotowa wi\u0105zanka zosta\u0142a z\u0142o\u017cona w miejscu pami\u0119ci zwi\u0105zanego z postaci\u0105 doktora. Cykl zaj\u0119\u0107 umo\u017cliwi\u0142 poznanie postaci Starkiewicza oraz jego dzia\u0142alno\u015bci na rzecz lokalnej spo\u0142eczno\u015bci, rozwijaj\u0105c zainteresowanie histori\u0105 regionu.<\/p>\n\n\n\n<figure class=\"wp-block-gallery has-nested-images columns-2 is-cropped wp-block-gallery-3 is-layout-flex wp-block-gallery-is-layout-flex\">\n<figure class=\"wp-block-image size-large\"><img loading=\"lazy\" decoding=\"async\" width=\"290\" height=\"640\" data-id=\"11528\" src=\"https:\/\/www.zssgorkabusko.pl\/wp-content\/uploads\/2026\/01\/IMG_20251226_130025_edit_342672544507080.jpg\" alt=\"\" class=\"wp-image-11528\" srcset=\"https:\/\/www.zssgorkabusko.pl\/wp-content\/uploads\/2026\/01\/IMG_20251226_130025_edit_342672544507080.jpg 290w, https:\/\/www.zssgorkabusko.pl\/wp-content\/uploads\/2026\/01\/IMG_20251226_130025_edit_342672544507080-136x300.jpg 136w, https:\/\/www.zssgorkabusko.pl\/wp-content\/uploads\/2026\/01\/IMG_20251226_130025_edit_342672544507080-100x221.jpg 100w\" sizes=\"auto, (max-width: 290px) 100vw, 290px\" \/><\/figure>\n\n\n\n<figure class=\"wp-block-image size-large\"><img loading=\"lazy\" decoding=\"async\" width=\"314\" height=\"640\" data-id=\"11530\" src=\"https:\/\/www.zssgorkabusko.pl\/wp-content\/uploads\/2026\/01\/IMG_20251226_130120_edit_342753163012797.jpg\" alt=\"\" class=\"wp-image-11530\" srcset=\"https:\/\/www.zssgorkabusko.pl\/wp-content\/uploads\/2026\/01\/IMG_20251226_130120_edit_342753163012797.jpg 314w, https:\/\/www.zssgorkabusko.pl\/wp-content\/uploads\/2026\/01\/IMG_20251226_130120_edit_342753163012797-147x300.jpg 147w, https:\/\/www.zssgorkabusko.pl\/wp-content\/uploads\/2026\/01\/IMG_20251226_130120_edit_342753163012797-100x204.jpg 100w\" sizes=\"auto, (max-width: 314px) 100vw, 314px\" \/><\/figure>\n\n\n\n<figure class=\"wp-block-image size-large\"><img loading=\"lazy\" decoding=\"async\" width=\"460\" height=\"640\" data-id=\"11529\" src=\"https:\/\/www.zssgorkabusko.pl\/wp-content\/uploads\/2026\/01\/IMG_20251226_141415_edit_342584787037822.jpg\" alt=\"\" class=\"wp-image-11529\" srcset=\"https:\/\/www.zssgorkabusko.pl\/wp-content\/uploads\/2026\/01\/IMG_20251226_141415_edit_342584787037822.jpg 460w, https:\/\/www.zssgorkabusko.pl\/wp-content\/uploads\/2026\/01\/IMG_20251226_141415_edit_342584787037822-216x300.jpg 216w, https:\/\/www.zssgorkabusko.pl\/wp-content\/uploads\/2026\/01\/IMG_20251226_141415_edit_342584787037822-100x139.jpg 100w\" sizes=\"auto, (max-width: 460px) 100vw, 460px\" \/><\/figure>\n\n\n\n<figure class=\"wp-block-image size-large\"><img loading=\"lazy\" decoding=\"async\" width=\"446\" height=\"640\" data-id=\"11531\" src=\"https:\/\/www.zssgorkabusko.pl\/wp-content\/uploads\/2026\/01\/IMG-20251226-WA0000_edit_343175895858565.jpg\" alt=\"\" class=\"wp-image-11531\" srcset=\"https:\/\/www.zssgorkabusko.pl\/wp-content\/uploads\/2026\/01\/IMG-20251226-WA0000_edit_343175895858565.jpg 446w, https:\/\/www.zssgorkabusko.pl\/wp-content\/uploads\/2026\/01\/IMG-20251226-WA0000_edit_343175895858565-209x300.jpg 209w, https:\/\/www.zssgorkabusko.pl\/wp-content\/uploads\/2026\/01\/IMG-20251226-WA0000_edit_343175895858565-100x143.jpg 100w\" sizes=\"auto, (max-width: 446px) 100vw, 446px\" \/><\/figure>\n<\/figure>\n\n\n\n<p>Organizator\/Foto: Zdj\u0119cia wykonano aparatem fotograficznym Canon w ramach programu ,,Laboratoria Przysz\u0142o\u015bci&#8221;: Anna Fr\u0105czkiewicz<\/p>\n","protected":false},"excerpt":{"rendered":"<p>Dzie\u0144 1- Prezentacja o dr. Szymonie Starkiewiczu W czasie pierwszego spotkania uczniowie wzi\u0119li udzia\u0142 w prezentacji po\u015bwi\u0119conej postaci dr. Szymona Starkiewicza &#8211; lekarza, spo\u0142ecznika i dzia\u0142acza, kt\u00f3ry swoj\u0105 prac\u0105 i oddaniem wpisa\u0142 si\u0119 w histori\u0119 regionu. Uczniowie poznali, najwa\u017cniejsze fakty z jego \u017cycia, obejrzeli zdj\u0119cia archiwalne oraz wys\u0142uchali kr\u00f3tkiej opowie\u015bci o jego dzia\u0142alno\u015bci na rzecz &#8230; <a title=\"II CYKL DZIA\u0141A\u0143,,\u015aLADAMI DR. SZYMONA STARKIEWICZA&#8221;\" class=\"read-more\" href=\"https:\/\/www.zssgorkabusko.pl\/index.php\/2026\/01\/19\/ii-cykl-dzialansladami-dr-szymona-starkiewicza\/\" aria-label=\"Dowiedz si\u0119 wi\u0119cej o II CYKL DZIA\u0141A\u0143,,\u015aLADAMI DR. SZYMONA STARKIEWICZA&#8221;\">Dowiedz si\u0119 wi\u0119cej<\/a><\/p>\n","protected":false},"author":2,"featured_media":0,"comment_status":"closed","ping_status":"open","sticky":false,"template":"","format":"standard","meta":{"ngg_post_thumbnail":0,"footnotes":""},"categories":[1],"tags":[],"class_list":["post-11519","post","type-post","status-publish","format-standard","hentry","category-bez-kategorii"],"_links":{"self":[{"href":"https:\/\/www.zssgorkabusko.pl\/index.php\/wp-json\/wp\/v2\/posts\/11519","targetHints":{"allow":["GET"]}}],"collection":[{"href":"https:\/\/www.zssgorkabusko.pl\/index.php\/wp-json\/wp\/v2\/posts"}],"about":[{"href":"https:\/\/www.zssgorkabusko.pl\/index.php\/wp-json\/wp\/v2\/types\/post"}],"author":[{"embeddable":true,"href":"https:\/\/www.zssgorkabusko.pl\/index.php\/wp-json\/wp\/v2\/users\/2"}],"replies":[{"embeddable":true,"href":"https:\/\/www.zssgorkabusko.pl\/index.php\/wp-json\/wp\/v2\/comments?post=11519"}],"version-history":[{"count":4,"href":"https:\/\/www.zssgorkabusko.pl\/index.php\/wp-json\/wp\/v2\/posts\/11519\/revisions"}],"predecessor-version":[{"id":11536,"href":"https:\/\/www.zssgorkabusko.pl\/index.php\/wp-json\/wp\/v2\/posts\/11519\/revisions\/11536"}],"wp:attachment":[{"href":"https:\/\/www.zssgorkabusko.pl\/index.php\/wp-json\/wp\/v2\/media?parent=11519"}],"wp:term":[{"taxonomy":"category","embeddable":true,"href":"https:\/\/www.zssgorkabusko.pl\/index.php\/wp-json\/wp\/v2\/categories?post=11519"},{"taxonomy":"post_tag","embeddable":true,"href":"https:\/\/www.zssgorkabusko.pl\/index.php\/wp-json\/wp\/v2\/tags?post=11519"}],"curies":[{"name":"wp","href":"https:\/\/api.w.org\/{rel}","templated":true}]}}