{"id":12087,"date":"2026-09-02T22:36:04","date_gmt":"2026-09-02T20:36:04","guid":{"rendered":"https:\/\/www.zssgorkabusko.pl\/?p=12087"},"modified":"2026-09-02T22:36:04","modified_gmt":"2026-09-02T20:36:04","slug":"ropoczecie-roku-szkolnego-2026-2027","status":"publish","type":"post","link":"https:\/\/www.zssgorkabusko.pl\/index.php\/2026\/09\/02\/ropoczecie-roku-szkolnego-2026-2027\/","title":{"rendered":"ROPOCZ\u0118CIE ROKU SZKOLNEGO 2026\/2027"},"content":{"rendered":"\n<p>1 wrze\u015bnia 2026 roku w naszej szkole odby\u0142o si\u0119 uroczyste rozpocz\u0119cie roku szkolnego.<br>W wydarzeniu uczestniczyli uczniowie, rodzice, nauczyciele i personel medyczny oddzia\u0142u III szpitala.<\/p>\n\n\n\n<p>Pani Dyrektor \u00a0powita\u0142a ca\u0142\u0105 spo\u0142eczno\u015b\u0107 szkoln\u0105, szczeg\u00f3lnie uczni\u00f3w kt\u00f3rzy po raz pierwszy b\u0119d\u0105 uczy\u0107 si\u0119 w naszej szkole. <br>W swoim wyst\u0105pieniu \u017cyczy\u0142a wszystkim wielu sukces\u00f3w, wytrwa\u0142o\u015bci w zdobywaniu wiedzy, rozwijania zainteresowa\u0144 oraz satysfakcji ze wsp\u00f3lnej nauki i pracy. Podkre\u015bli\u0142a r\u00f3wnie\u017c, \u017ce szko\u0142a to nie tylko miejsce zdobywania wiedzy, ale tak\u017ce przestrze\u0144 budowania relacji, rozwijania pasji i wzajemnego wsparcia.<\/p>\n\n\n\n<p>Po cz\u0119\u015bci oficjalnej uczniowie spotkali si\u0119 ze swoimi wychowawcami, aby pozna\u0107 najwa\u017cniejsze informacje dotycz\u0105ce organizacji nowego roku szkolnego.<\/p>\n\n\n\n<p><strong>\u017byczymy wszystkim udanego i pe\u0142nego sukces\u00f3w roku szkolnego!<\/strong><\/p>\n\n\n<div class=\"wp-block-image\">\n<figure class=\"aligncenter size-full\"><img loading=\"lazy\" decoding=\"async\" width=\"691\" height=\"600\" src=\"https:\/\/www.zssgorkabusko.pl\/wp-content\/uploads\/2026\/09\/625942285775580247.jpg\" alt=\"\" class=\"wp-image-12088\" srcset=\"https:\/\/www.zssgorkabusko.pl\/wp-content\/uploads\/2026\/09\/625942285775580247.jpg 691w, https:\/\/www.zssgorkabusko.pl\/wp-content\/uploads\/2026\/09\/625942285775580247-300x260.jpg 300w, https:\/\/www.zssgorkabusko.pl\/wp-content\/uploads\/2026\/09\/625942285775580247-100x87.jpg 100w\" sizes=\"auto, (max-width: 691px) 100vw, 691px\" \/><\/figure><\/div>\n\n\n<p>Organizator\/Foto: Zdj\u0119cie wykonano aparatem fotograficznym Canon w ramach programu ,,Laboratoria Przysz\u0142o\u015bci&#8221;: E. Lotko-Pikul, M. Kilijanek, <br>K. B\u0142ach, B. Bitner-Sarna, J. Pasternak<\/p>\n","protected":false},"excerpt":{"rendered":"<p>1 wrze\u015bnia 2026 roku w naszej szkole odby\u0142o si\u0119 uroczyste rozpocz\u0119cie roku szkolnego.W wydarzeniu uczestniczyli uczniowie, rodzice, nauczyciele i personel medyczny oddzia\u0142u III szpitala. Pani Dyrektor \u00a0powita\u0142a ca\u0142\u0105 spo\u0142eczno\u015b\u0107 szkoln\u0105, szczeg\u00f3lnie uczni\u00f3w kt\u00f3rzy po raz pierwszy b\u0119d\u0105 uczy\u0107 si\u0119 w naszej szkole. W swoim wyst\u0105pieniu \u017cyczy\u0142a wszystkim wielu sukces\u00f3w, wytrwa\u0142o\u015bci w zdobywaniu wiedzy, rozwijania zainteresowa\u0144 &#8230; <a title=\"ROPOCZ\u0118CIE ROKU SZKOLNEGO 2026\/2027\" class=\"read-more\" href=\"https:\/\/www.zssgorkabusko.pl\/index.php\/2026\/09\/02\/ropoczecie-roku-szkolnego-2026-2027\/\" aria-label=\"Dowiedz si\u0119 wi\u0119cej o ROPOCZ\u0118CIE ROKU SZKOLNEGO 2026\/2027\">Dowiedz si\u0119 wi\u0119cej<\/a><\/p>\n","protected":false},"author":2,"featured_media":0,"comment_status":"closed","ping_status":"open","sticky":false,"template":"","format":"standard","meta":{"ngg_post_thumbnail":0,"footnotes":""},"categories":[1],"tags":[],"class_list":["post-12087","post","type-post","status-publish","format-standard","hentry","category-bez-kategorii"],"_links":{"self":[{"href":"https:\/\/www.zssgorkabusko.pl\/index.php\/wp-json\/wp\/v2\/posts\/12087","targetHints":{"allow":["GET"]}}],"collection":[{"href":"https:\/\/www.zssgorkabusko.pl\/index.php\/wp-json\/wp\/v2\/posts"}],"about":[{"href":"https:\/\/www.zssgorkabusko.pl\/index.php\/wp-json\/wp\/v2\/types\/post"}],"author":[{"embeddable":true,"href":"https:\/\/www.zssgorkabusko.pl\/index.php\/wp-json\/wp\/v2\/users\/2"}],"replies":[{"embeddable":true,"href":"https:\/\/www.zssgorkabusko.pl\/index.php\/wp-json\/wp\/v2\/comments?post=12087"}],"version-history":[{"count":2,"href":"https:\/\/www.zssgorkabusko.pl\/index.php\/wp-json\/wp\/v2\/posts\/12087\/revisions"}],"predecessor-version":[{"id":12090,"href":"https:\/\/www.zssgorkabusko.pl\/index.php\/wp-json\/wp\/v2\/posts\/12087\/revisions\/12090"}],"wp:attachment":[{"href":"https:\/\/www.zssgorkabusko.pl\/index.php\/wp-json\/wp\/v2\/media?parent=12087"}],"wp:term":[{"taxonomy":"category","embeddable":true,"href":"https:\/\/www.zssgorkabusko.pl\/index.php\/wp-json\/wp\/v2\/categories?post=12087"},{"taxonomy":"post_tag","embeddable":true,"href":"https:\/\/www.zssgorkabusko.pl\/index.php\/wp-json\/wp\/v2\/tags?post=12087"}],"curies":[{"name":"wp","href":"https:\/\/api.w.org\/{rel}","templated":true}]}}