{"id":1317,"date":"2017-12-23T11:36:13","date_gmt":"2017-12-23T10:36:13","guid":{"rendered":"http:\/\/www.zssgorkabusko.pl\/?p=1317"},"modified":"2017-12-27T13:28:00","modified_gmt":"2017-12-27T12:28:00","slug":"wieczor-wigilijny","status":"publish","type":"post","link":"https:\/\/www.zssgorkabusko.pl\/index.php\/2017\/12\/23\/wieczor-wigilijny\/","title":{"rendered":"WIECZ\u00d3R WIGILIJNY"},"content":{"rendered":"<p>\u015awi\u0119ta Bo\u017cego Narodzenia to czas mi\u0142o\u015bci, rado\u015bci, przebaczania, ale tak\u017ce czas, kt\u00f3ry sp\u0119dzamy w gronie rodziny. Uczniowie, rodzice, nauczyciele to r\u00f3wnie\u017c jedna wielka rodzina.<br \/>\nW dniu 19 grudnia w naszej szkole zago\u015bci\u0142a prawdziwie \u015bwi\u0105teczna atmosfera. Wsp\u00f3lne \u015bpiewanie kol\u0119d i pastora\u0142ek wprowadzi\u0142o wszystkich w niezwyk\u0142y nastr\u00f3j. Pi\u0119kna dekoracja stanowi\u0142a opraw\u0119 spotkania.<br \/>\nPani dyrektor Justyna Kwiatkowska, dzi\u0119kuj\u0105c uczniom za przygotowany wyst\u0119p, podkre\u015bli\u0142a znaczenie tradycji \u015bwi\u0105tecznych w \u017cyciu ka\u017cdego cz\u0142owieka. Zapewne na d\u0142ugo zapami\u0119tamy ten szczeg\u00f3lny wiecz\u00f3r pe\u0142en uroku i dobrych \u017cycze\u0144.<\/p>\nngg_shortcode_0_placeholder\n<p>&nbsp;<\/p>\n","protected":false},"excerpt":{"rendered":"<p>\u015awi\u0119ta Bo\u017cego Narodzenia to czas mi\u0142o\u015bci, rado\u015bci, przebaczania, ale tak\u017ce czas, kt\u00f3ry sp\u0119dzamy w gronie rodziny. Uczniowie, rodzice, nauczyciele to r\u00f3wnie\u017c jedna wielka rodzina. W dniu 19 grudnia w naszej szkole zago\u015bci\u0142a prawdziwie \u015bwi\u0105teczna atmosfera. Wsp\u00f3lne \u015bpiewanie kol\u0119d i pastora\u0142ek wprowadzi\u0142o wszystkich w niezwyk\u0142y nastr\u00f3j. Pi\u0119kna dekoracja stanowi\u0142a opraw\u0119 spotkania. Pani dyrektor Justyna Kwiatkowska, dzi\u0119kuj\u0105c &#8230; <a title=\"WIECZ\u00d3R WIGILIJNY\" class=\"read-more\" href=\"https:\/\/www.zssgorkabusko.pl\/index.php\/2017\/12\/23\/wieczor-wigilijny\/\" aria-label=\"Dowiedz si\u0119 wi\u0119cej o WIECZ\u00d3R WIGILIJNY\">Dowiedz si\u0119 wi\u0119cej<\/a><\/p>\n","protected":false},"author":2,"featured_media":0,"comment_status":"closed","ping_status":"open","sticky":false,"template":"","format":"standard","meta":{"ngg_post_thumbnail":0,"footnotes":""},"categories":[1],"tags":[],"class_list":["post-1317","post","type-post","status-publish","format-standard","hentry","category-bez-kategorii"],"_links":{"self":[{"href":"https:\/\/www.zssgorkabusko.pl\/index.php\/wp-json\/wp\/v2\/posts\/1317","targetHints":{"allow":["GET"]}}],"collection":[{"href":"https:\/\/www.zssgorkabusko.pl\/index.php\/wp-json\/wp\/v2\/posts"}],"about":[{"href":"https:\/\/www.zssgorkabusko.pl\/index.php\/wp-json\/wp\/v2\/types\/post"}],"author":[{"embeddable":true,"href":"https:\/\/www.zssgorkabusko.pl\/index.php\/wp-json\/wp\/v2\/users\/2"}],"replies":[{"embeddable":true,"href":"https:\/\/www.zssgorkabusko.pl\/index.php\/wp-json\/wp\/v2\/comments?post=1317"}],"version-history":[{"count":4,"href":"https:\/\/www.zssgorkabusko.pl\/index.php\/wp-json\/wp\/v2\/posts\/1317\/revisions"}],"predecessor-version":[{"id":1370,"href":"https:\/\/www.zssgorkabusko.pl\/index.php\/wp-json\/wp\/v2\/posts\/1317\/revisions\/1370"}],"wp:attachment":[{"href":"https:\/\/www.zssgorkabusko.pl\/index.php\/wp-json\/wp\/v2\/media?parent=1317"}],"wp:term":[{"taxonomy":"category","embeddable":true,"href":"https:\/\/www.zssgorkabusko.pl\/index.php\/wp-json\/wp\/v2\/categories?post=1317"},{"taxonomy":"post_tag","embeddable":true,"href":"https:\/\/www.zssgorkabusko.pl\/index.php\/wp-json\/wp\/v2\/tags?post=1317"}],"curies":[{"name":"wp","href":"https:\/\/api.w.org\/{rel}","templated":true}]}}