{"id":1480,"date":"2018-01-28T21:33:24","date_gmt":"2018-01-28T20:33:24","guid":{"rendered":"http:\/\/www.zssgorkabusko.pl\/?p=1480"},"modified":"2018-01-28T21:34:23","modified_gmt":"2018-01-28T20:34:23","slug":"konkurs-plastyczny-moja-swiateczna-ozdoba","status":"publish","type":"post","link":"https:\/\/www.zssgorkabusko.pl\/index.php\/2018\/01\/28\/konkurs-plastyczny-moja-swiateczna-ozdoba\/","title":{"rendered":"KONKURS PLASTYCZNY ,,MOJA \u015aWI\u0104TECZNA OZDOBA&#8221;"},"content":{"rendered":"<p>Wychowankowie Zespo\u0142u Szk\u00f3\u0142 Specjalnych uczestniczyli w og\u00f3lnopolskim konkursie ,,Moja \u015bwi\u0105teczna ozdoba&#8221;. Jedna z przes\u0142anych prac plastycznych zosta\u0142a wysoko oceniona. Ucze\u0144 naszej szko\u0142y zaj\u0105\u0142 II miejsce. Otrzyma\u0142 dyplom oraz nagrody rzeczowe. Gratulujemy<br \/>\ni \u017cyczymy dalszych sukces\u00f3w.<\/p>\n<p style=\"text-align: right;\">Iwona Klepka<\/p>\nngg_shortcode_0_placeholder\n","protected":false},"excerpt":{"rendered":"<p>Wychowankowie Zespo\u0142u Szk\u00f3\u0142 Specjalnych uczestniczyli w og\u00f3lnopolskim konkursie ,,Moja \u015bwi\u0105teczna ozdoba&#8221;. Jedna z przes\u0142anych prac plastycznych zosta\u0142a wysoko oceniona. Ucze\u0144 naszej szko\u0142y zaj\u0105\u0142 II miejsce. Otrzyma\u0142 dyplom oraz nagrody rzeczowe. Gratulujemy i \u017cyczymy dalszych sukces\u00f3w. Iwona Klepka &#8221; order_by=&#8221;sortorder&#8221; order_direction=&#8221;ASC&#8221; returns=&#8221;included&#8221; maximum_entity_count=&#8221;500&#8243;]<\/p>\n","protected":false},"author":2,"featured_media":0,"comment_status":"closed","ping_status":"open","sticky":false,"template":"","format":"standard","meta":{"ngg_post_thumbnail":0,"footnotes":""},"categories":[1],"tags":[],"class_list":["post-1480","post","type-post","status-publish","format-standard","hentry","category-bez-kategorii"],"_links":{"self":[{"href":"https:\/\/www.zssgorkabusko.pl\/index.php\/wp-json\/wp\/v2\/posts\/1480","targetHints":{"allow":["GET"]}}],"collection":[{"href":"https:\/\/www.zssgorkabusko.pl\/index.php\/wp-json\/wp\/v2\/posts"}],"about":[{"href":"https:\/\/www.zssgorkabusko.pl\/index.php\/wp-json\/wp\/v2\/types\/post"}],"author":[{"embeddable":true,"href":"https:\/\/www.zssgorkabusko.pl\/index.php\/wp-json\/wp\/v2\/users\/2"}],"replies":[{"embeddable":true,"href":"https:\/\/www.zssgorkabusko.pl\/index.php\/wp-json\/wp\/v2\/comments?post=1480"}],"version-history":[{"count":4,"href":"https:\/\/www.zssgorkabusko.pl\/index.php\/wp-json\/wp\/v2\/posts\/1480\/revisions"}],"predecessor-version":[{"id":1488,"href":"https:\/\/www.zssgorkabusko.pl\/index.php\/wp-json\/wp\/v2\/posts\/1480\/revisions\/1488"}],"wp:attachment":[{"href":"https:\/\/www.zssgorkabusko.pl\/index.php\/wp-json\/wp\/v2\/media?parent=1480"}],"wp:term":[{"taxonomy":"category","embeddable":true,"href":"https:\/\/www.zssgorkabusko.pl\/index.php\/wp-json\/wp\/v2\/categories?post=1480"},{"taxonomy":"post_tag","embeddable":true,"href":"https:\/\/www.zssgorkabusko.pl\/index.php\/wp-json\/wp\/v2\/tags?post=1480"}],"curies":[{"name":"wp","href":"https:\/\/api.w.org\/{rel}","templated":true}]}}