{"id":2353,"date":"2018-06-06T12:13:46","date_gmt":"2018-06-06T10:13:46","guid":{"rendered":"http:\/\/www.zssgorkabusko.pl\/?p=2353"},"modified":"2018-06-06T12:13:46","modified_gmt":"2018-06-06T10:13:46","slug":"dzien-dziecka","status":"publish","type":"post","link":"https:\/\/www.zssgorkabusko.pl\/index.php\/2018\/06\/06\/dzien-dziecka\/","title":{"rendered":"DZIE\u0143 DZIECKA"},"content":{"rendered":"<p>W dniu 1 czerwca 2018 roku uczniowie Zespo\u0142u Szk\u00f3\u0142 Specjalnych w Busku-Zdroju uczestniczyli w zabawie z okazji Dnia Dziecka. Imprez\u0119 u\u015bwietnili sw\u0105 obecno\u015bci\u0105: Starosta Powiatu Buskiego Jerzy Kolarz, Prezes ,,Uzdrowiska Busko-Zdr\u00f3j\u2019\u2019 S.A. Wojciech Legawiec, prof. n.med. Krzysztof Bielecki oraz grupa wokalna: ,,Wesp\u00f3\u0142 Zesp\u00f3\u0142\u2019\u2019 z Buska-Zdroju.<br \/>\nDzieci bawi\u0142y si\u0119 korzystaj\u0105c z dmuchanej zje\u017cd\u017calni, basenu z kulkami i trampoliny.<br \/>\nDu\u017c\u0105 popularno\u015bci\u0105 cieszy\u0142a si\u0119 przeja\u017cd\u017cka bryczk\u0105, a najodwa\u017cniejsi mogli dosi\u0105\u015b\u0107 dw\u00f3ch pi\u0119knych klaczy i pod czujnym okiem opiekun\u00f3w poje\u017adzi\u0107 wok\u00f3\u0142 skweru. Nie zabrak\u0142o te\u017c s\u0142odyczy, cukrowej waty i innych atrakcji kulinarnych oraz zdrowej i orze\u017awiaj\u0105cej ,,Buskowianki&#8221;.<\/p>\n<p><strong>Serdecznie dzi\u0119kujemy Dyrekcji sklepu Kaufland za okazane wsparcie finansowe oraz wszystkim osobom zaanga\u017cowanym w przygotowanie imprezy.<\/strong><\/p>\nngg_shortcode_0_placeholder\n","protected":false},"excerpt":{"rendered":"<p>W dniu 1 czerwca 2018 roku uczniowie Zespo\u0142u Szk\u00f3\u0142 Specjalnych w Busku-Zdroju uczestniczyli w zabawie z okazji Dnia Dziecka. Imprez\u0119 u\u015bwietnili sw\u0105 obecno\u015bci\u0105: Starosta Powiatu Buskiego Jerzy Kolarz, Prezes ,,Uzdrowiska Busko-Zdr\u00f3j\u2019\u2019 S.A. Wojciech Legawiec, prof. n.med. Krzysztof Bielecki oraz grupa wokalna: ,,Wesp\u00f3\u0142 Zesp\u00f3\u0142\u2019\u2019 z Buska-Zdroju. Dzieci bawi\u0142y si\u0119 korzystaj\u0105c z dmuchanej zje\u017cd\u017calni, basenu z kulkami &#8230; <a title=\"DZIE\u0143 DZIECKA\" class=\"read-more\" href=\"https:\/\/www.zssgorkabusko.pl\/index.php\/2018\/06\/06\/dzien-dziecka\/\" aria-label=\"Dowiedz si\u0119 wi\u0119cej o DZIE\u0143 DZIECKA\">Dowiedz si\u0119 wi\u0119cej<\/a><\/p>\n","protected":false},"author":2,"featured_media":0,"comment_status":"closed","ping_status":"open","sticky":false,"template":"","format":"standard","meta":{"ngg_post_thumbnail":0,"footnotes":""},"categories":[1],"tags":[],"class_list":["post-2353","post","type-post","status-publish","format-standard","hentry","category-bez-kategorii"],"_links":{"self":[{"href":"https:\/\/www.zssgorkabusko.pl\/index.php\/wp-json\/wp\/v2\/posts\/2353","targetHints":{"allow":["GET"]}}],"collection":[{"href":"https:\/\/www.zssgorkabusko.pl\/index.php\/wp-json\/wp\/v2\/posts"}],"about":[{"href":"https:\/\/www.zssgorkabusko.pl\/index.php\/wp-json\/wp\/v2\/types\/post"}],"author":[{"embeddable":true,"href":"https:\/\/www.zssgorkabusko.pl\/index.php\/wp-json\/wp\/v2\/users\/2"}],"replies":[{"embeddable":true,"href":"https:\/\/www.zssgorkabusko.pl\/index.php\/wp-json\/wp\/v2\/comments?post=2353"}],"version-history":[{"count":5,"href":"https:\/\/www.zssgorkabusko.pl\/index.php\/wp-json\/wp\/v2\/posts\/2353\/revisions"}],"predecessor-version":[{"id":2377,"href":"https:\/\/www.zssgorkabusko.pl\/index.php\/wp-json\/wp\/v2\/posts\/2353\/revisions\/2377"}],"wp:attachment":[{"href":"https:\/\/www.zssgorkabusko.pl\/index.php\/wp-json\/wp\/v2\/media?parent=2353"}],"wp:term":[{"taxonomy":"category","embeddable":true,"href":"https:\/\/www.zssgorkabusko.pl\/index.php\/wp-json\/wp\/v2\/categories?post=2353"},{"taxonomy":"post_tag","embeddable":true,"href":"https:\/\/www.zssgorkabusko.pl\/index.php\/wp-json\/wp\/v2\/tags?post=2353"}],"curies":[{"name":"wp","href":"https:\/\/api.w.org\/{rel}","templated":true}]}}