{"id":2406,"date":"2018-06-22T11:23:07","date_gmt":"2018-06-22T09:23:07","guid":{"rendered":"http:\/\/www.zssgorkabusko.pl\/?p=2406"},"modified":"2018-06-22T11:23:07","modified_gmt":"2018-06-22T09:23:07","slug":"bezpieczne-wakacje","status":"publish","type":"post","link":"https:\/\/www.zssgorkabusko.pl\/index.php\/2018\/06\/22\/bezpieczne-wakacje\/","title":{"rendered":"BEZPIECZNE WAKACJE"},"content":{"rendered":"<p>Tu\u017c &nbsp;przed zako\u0144czeniem roku szkolnego w Zespole Szk\u00f3\u0142 Specjalnych w Busku-Zdroju odby\u0142o si\u0119 spotkanie edukacyjno-informacyjne przygotowane przez funkcjonariuszy Pa\u0144stwowej Stra\u017cy Po\u017carnej i Komendy Powiatowej Policji w Busku-Zdroju.<br \/>\nCelem akcji by\u0142o poszerzenie wiedzy uczni\u00f3w &nbsp;na temat &nbsp;bezpiecze\u0144stwa podczas letniego wypoczynku. W trakcie prelekcji om\u00f3wiono w\u0142a\u015bciwe zachowania na drodze oraz<br \/>\nw sytuacjach zagro\u017cenia. Przypomniano r\u00f3wnie\u017c zasady udzielania pierwszej pomocy przedmedycznej.<\/p>\n<p>Mamy nadziej\u0119, \u017ce wszyscy uczniowie podczas tegorocznych wakacji &nbsp;wyka\u017c\u0105 si\u0119 rozwag\u0105<br \/>\ni odpowiedzialno\u015bci\u0105.<\/p>\nngg_shortcode_0_placeholder\n","protected":false},"excerpt":{"rendered":"<p>Tu\u017c &nbsp;przed zako\u0144czeniem roku szkolnego w Zespole Szk\u00f3\u0142 Specjalnych w Busku-Zdroju odby\u0142o si\u0119 spotkanie edukacyjno-informacyjne przygotowane przez funkcjonariuszy Pa\u0144stwowej Stra\u017cy Po\u017carnej i Komendy Powiatowej Policji w Busku-Zdroju. Celem akcji by\u0142o poszerzenie wiedzy uczni\u00f3w &nbsp;na temat &nbsp;bezpiecze\u0144stwa podczas letniego wypoczynku. W trakcie prelekcji om\u00f3wiono w\u0142a\u015bciwe zachowania na drodze oraz w sytuacjach zagro\u017cenia. Przypomniano r\u00f3wnie\u017c zasady udzielania &#8230; <a title=\"BEZPIECZNE WAKACJE\" class=\"read-more\" href=\"https:\/\/www.zssgorkabusko.pl\/index.php\/2018\/06\/22\/bezpieczne-wakacje\/\" aria-label=\"Dowiedz si\u0119 wi\u0119cej o BEZPIECZNE WAKACJE\">Dowiedz si\u0119 wi\u0119cej<\/a><\/p>\n","protected":false},"author":2,"featured_media":0,"comment_status":"closed","ping_status":"open","sticky":false,"template":"","format":"standard","meta":{"ngg_post_thumbnail":0,"footnotes":""},"categories":[1],"tags":[],"class_list":["post-2406","post","type-post","status-publish","format-standard","hentry","category-bez-kategorii"],"_links":{"self":[{"href":"https:\/\/www.zssgorkabusko.pl\/index.php\/wp-json\/wp\/v2\/posts\/2406","targetHints":{"allow":["GET"]}}],"collection":[{"href":"https:\/\/www.zssgorkabusko.pl\/index.php\/wp-json\/wp\/v2\/posts"}],"about":[{"href":"https:\/\/www.zssgorkabusko.pl\/index.php\/wp-json\/wp\/v2\/types\/post"}],"author":[{"embeddable":true,"href":"https:\/\/www.zssgorkabusko.pl\/index.php\/wp-json\/wp\/v2\/users\/2"}],"replies":[{"embeddable":true,"href":"https:\/\/www.zssgorkabusko.pl\/index.php\/wp-json\/wp\/v2\/comments?post=2406"}],"version-history":[{"count":3,"href":"https:\/\/www.zssgorkabusko.pl\/index.php\/wp-json\/wp\/v2\/posts\/2406\/revisions"}],"predecessor-version":[{"id":2421,"href":"https:\/\/www.zssgorkabusko.pl\/index.php\/wp-json\/wp\/v2\/posts\/2406\/revisions\/2421"}],"wp:attachment":[{"href":"https:\/\/www.zssgorkabusko.pl\/index.php\/wp-json\/wp\/v2\/media?parent=2406"}],"wp:term":[{"taxonomy":"category","embeddable":true,"href":"https:\/\/www.zssgorkabusko.pl\/index.php\/wp-json\/wp\/v2\/categories?post=2406"},{"taxonomy":"post_tag","embeddable":true,"href":"https:\/\/www.zssgorkabusko.pl\/index.php\/wp-json\/wp\/v2\/tags?post=2406"}],"curies":[{"name":"wp","href":"https:\/\/api.w.org\/{rel}","templated":true}]}}