{"id":2582,"date":"2018-09-28T14:08:45","date_gmt":"2018-09-28T12:08:45","guid":{"rendered":"http:\/\/www.zssgorkabusko.pl\/?p=2582"},"modified":"2018-09-29T19:11:46","modified_gmt":"2018-09-29T17:11:46","slug":"sprzatanie-swiata-2","status":"publish","type":"post","link":"https:\/\/www.zssgorkabusko.pl\/index.php\/2018\/09\/28\/sprzatanie-swiata-2\/","title":{"rendered":"SPRZ\u0104TANIE \u015aWIATA"},"content":{"rendered":"<p>W czwartek 20.09.2018 r. uczniowie z Zespo\u0142u Szk\u00f3\u0142 Specjalnych w Busku-Zdroju uczestniczyli w akcji ,,Sprz\u0105tanie \u015bwiata\u2019\u2019.<br \/>\nRok 2018 jest rokiem jubileuszowym obchodzonym pod has\u0142em ,,Akcja &#8211; segregacja!<br \/>\n2x wi\u0119cej, 2x czy\u015bciej!&#8221;. Dzia\u0142ania rozpocz\u0119to od obejrzenia filmu edukacyjnego pt. ,,\u015amieci nasze powszednie\u2019\u2019. Nast\u0119pnie uczniowie wykonali plakat dotycz\u0105cy has\u0142a promuj\u0105cego ten dzie\u0144, a po po\u0142udniu zaopatrzeni w r\u0119kawice, worki i odpowiedni sprz\u0119t rozpocz\u0119li sprz\u0105tanie terenu wok\u00f3\u0142 Szpitala ,,G\u00f3rka&#8221;. Po intensywnej pracy uczestnicy zostali zaproszeni na ciep\u0142y pocz\u0119stunek, kt\u00f3ry zapewni\u0142 Dyrektor Szpitala pan Marek Arabski.<\/p>\nngg_shortcode_0_placeholder\n<p>&nbsp;<\/p>\n<p>&nbsp;<\/p>\n","protected":false},"excerpt":{"rendered":"<p>W czwartek 20.09.2018 r. uczniowie z Zespo\u0142u Szk\u00f3\u0142 Specjalnych w Busku-Zdroju uczestniczyli w akcji ,,Sprz\u0105tanie \u015bwiata\u2019\u2019. Rok 2018 jest rokiem jubileuszowym obchodzonym pod has\u0142em ,,Akcja &#8211; segregacja! 2x wi\u0119cej, 2x czy\u015bciej!&#8221;. Dzia\u0142ania rozpocz\u0119to od obejrzenia filmu edukacyjnego pt. ,,\u015amieci nasze powszednie\u2019\u2019. Nast\u0119pnie uczniowie wykonali plakat dotycz\u0105cy has\u0142a promuj\u0105cego ten dzie\u0144, a po po\u0142udniu zaopatrzeni w &#8230; <a title=\"SPRZ\u0104TANIE \u015aWIATA\" class=\"read-more\" href=\"https:\/\/www.zssgorkabusko.pl\/index.php\/2018\/09\/28\/sprzatanie-swiata-2\/\" aria-label=\"Dowiedz si\u0119 wi\u0119cej o SPRZ\u0104TANIE \u015aWIATA\">Dowiedz si\u0119 wi\u0119cej<\/a><\/p>\n","protected":false},"author":2,"featured_media":0,"comment_status":"closed","ping_status":"open","sticky":false,"template":"","format":"standard","meta":{"ngg_post_thumbnail":0,"footnotes":""},"categories":[1],"tags":[],"class_list":["post-2582","post","type-post","status-publish","format-standard","hentry","category-bez-kategorii"],"_links":{"self":[{"href":"https:\/\/www.zssgorkabusko.pl\/index.php\/wp-json\/wp\/v2\/posts\/2582","targetHints":{"allow":["GET"]}}],"collection":[{"href":"https:\/\/www.zssgorkabusko.pl\/index.php\/wp-json\/wp\/v2\/posts"}],"about":[{"href":"https:\/\/www.zssgorkabusko.pl\/index.php\/wp-json\/wp\/v2\/types\/post"}],"author":[{"embeddable":true,"href":"https:\/\/www.zssgorkabusko.pl\/index.php\/wp-json\/wp\/v2\/users\/2"}],"replies":[{"embeddable":true,"href":"https:\/\/www.zssgorkabusko.pl\/index.php\/wp-json\/wp\/v2\/comments?post=2582"}],"version-history":[{"count":4,"href":"https:\/\/www.zssgorkabusko.pl\/index.php\/wp-json\/wp\/v2\/posts\/2582\/revisions"}],"predecessor-version":[{"id":2601,"href":"https:\/\/www.zssgorkabusko.pl\/index.php\/wp-json\/wp\/v2\/posts\/2582\/revisions\/2601"}],"wp:attachment":[{"href":"https:\/\/www.zssgorkabusko.pl\/index.php\/wp-json\/wp\/v2\/media?parent=2582"}],"wp:term":[{"taxonomy":"category","embeddable":true,"href":"https:\/\/www.zssgorkabusko.pl\/index.php\/wp-json\/wp\/v2\/categories?post=2582"},{"taxonomy":"post_tag","embeddable":true,"href":"https:\/\/www.zssgorkabusko.pl\/index.php\/wp-json\/wp\/v2\/tags?post=2582"}],"curies":[{"name":"wp","href":"https:\/\/api.w.org\/{rel}","templated":true}]}}