{"id":2696,"date":"2018-10-17T18:47:09","date_gmt":"2018-10-17T16:47:09","guid":{"rendered":"http:\/\/www.zssgorkabusko.pl\/?p=2696"},"modified":"2018-10-17T18:47:09","modified_gmt":"2018-10-17T16:47:09","slug":"dzien-edukacji-narodowej","status":"publish","type":"post","link":"https:\/\/www.zssgorkabusko.pl\/index.php\/2018\/10\/17\/dzien-edukacji-narodowej\/","title":{"rendered":"DZIE\u0143 EDUKACJI NARODOWEJ"},"content":{"rendered":"<p>Z okazji Dnia Edukacji Narodowej w dniu 12 wrze\u015bnia uczniowie Zespo\u0142u Szk\u00f3\u0142 Specjalnych przygotowali&nbsp; wyst\u0119p artystyczny.&nbsp; Poprzez recytowane wiersze i \u015bpiewane piosenki przekazali pedagogom najlepsze \u017cyczenia. Swoim wyst\u0119pem dostarczyli wszystkim wielu niezapomnianych wra\u017ce\u0144.<br \/>\nPani Dyrektor Justyna Kwiatkowska serdecznie powita\u0142a zaproszonych go\u015bci , nauczycieli, rodzic\u00f3w i uczni\u00f3w. W wyg\u0142oszonym &nbsp;przem\u00f3wieniu Pani Dyrektor podzi\u0119kowa\u0142a&nbsp; nauczycielom i wychowawcom&nbsp; za zaanga\u017cowanie, po\u015bwi\u0119cenie i serce, kt\u00f3rym obdarzani s\u0105 uczniowie. Mi\u0142ym akcentem by\u0142o wyst\u0105pienie przedstawicieli Uzdrowiska, kt\u00f3rzy wr\u0119czyli Pani Dyrektor Justynie Kwiatkowskiej kwiaty&nbsp; oraz z\u0142o\u017cyli \u017cyczenia dla ca\u0142ego Grona Pedagogicznego.&nbsp;&nbsp; &nbsp;<\/p>\n<div style=\"width: 576px;\" class=\"wp-video\"><!--[if lt IE 9]><script>document.createElement('video');<\/script><![endif]-->\n<video class=\"wp-video-shortcode\" id=\"video-2696-1\" width=\"576\" height=\"320\" preload=\"metadata\" controls=\"controls\"><source type=\"video\/mp4\" src=\"http:\/\/www.zssgorkabusko.pl\/wp-content\/uploads\/2018\/10\/video-1539778864.mp4?_=1\" \/><a href=\"http:\/\/www.zssgorkabusko.pl\/wp-content\/uploads\/2018\/10\/video-1539778864.mp4\">http:\/\/www.zssgorkabusko.pl\/wp-content\/uploads\/2018\/10\/video-1539778864.mp4<\/a><\/video><\/div>\n<p>&nbsp;<\/p>\n<p>&nbsp;<\/p>\n","protected":false},"excerpt":{"rendered":"<p>Z okazji Dnia Edukacji Narodowej w dniu 12 wrze\u015bnia uczniowie Zespo\u0142u Szk\u00f3\u0142 Specjalnych przygotowali&nbsp; wyst\u0119p artystyczny.&nbsp; Poprzez recytowane wiersze i \u015bpiewane piosenki przekazali pedagogom najlepsze \u017cyczenia. Swoim wyst\u0119pem dostarczyli wszystkim wielu niezapomnianych wra\u017ce\u0144. Pani Dyrektor Justyna Kwiatkowska serdecznie powita\u0142a zaproszonych go\u015bci , nauczycieli, rodzic\u00f3w i uczni\u00f3w. W wyg\u0142oszonym &nbsp;przem\u00f3wieniu Pani Dyrektor podzi\u0119kowa\u0142a&nbsp; nauczycielom i wychowawcom&nbsp; &#8230; <a title=\"DZIE\u0143 EDUKACJI NARODOWEJ\" class=\"read-more\" href=\"https:\/\/www.zssgorkabusko.pl\/index.php\/2018\/10\/17\/dzien-edukacji-narodowej\/\" aria-label=\"Dowiedz si\u0119 wi\u0119cej o DZIE\u0143 EDUKACJI NARODOWEJ\">Dowiedz si\u0119 wi\u0119cej<\/a><\/p>\n","protected":false},"author":2,"featured_media":0,"comment_status":"closed","ping_status":"open","sticky":false,"template":"","format":"standard","meta":{"ngg_post_thumbnail":0,"footnotes":""},"categories":[1],"tags":[],"class_list":["post-2696","post","type-post","status-publish","format-standard","hentry","category-bez-kategorii"],"_links":{"self":[{"href":"https:\/\/www.zssgorkabusko.pl\/index.php\/wp-json\/wp\/v2\/posts\/2696","targetHints":{"allow":["GET"]}}],"collection":[{"href":"https:\/\/www.zssgorkabusko.pl\/index.php\/wp-json\/wp\/v2\/posts"}],"about":[{"href":"https:\/\/www.zssgorkabusko.pl\/index.php\/wp-json\/wp\/v2\/types\/post"}],"author":[{"embeddable":true,"href":"https:\/\/www.zssgorkabusko.pl\/index.php\/wp-json\/wp\/v2\/users\/2"}],"replies":[{"embeddable":true,"href":"https:\/\/www.zssgorkabusko.pl\/index.php\/wp-json\/wp\/v2\/comments?post=2696"}],"version-history":[{"count":4,"href":"https:\/\/www.zssgorkabusko.pl\/index.php\/wp-json\/wp\/v2\/posts\/2696\/revisions"}],"predecessor-version":[{"id":2702,"href":"https:\/\/www.zssgorkabusko.pl\/index.php\/wp-json\/wp\/v2\/posts\/2696\/revisions\/2702"}],"wp:attachment":[{"href":"https:\/\/www.zssgorkabusko.pl\/index.php\/wp-json\/wp\/v2\/media?parent=2696"}],"wp:term":[{"taxonomy":"category","embeddable":true,"href":"https:\/\/www.zssgorkabusko.pl\/index.php\/wp-json\/wp\/v2\/categories?post=2696"},{"taxonomy":"post_tag","embeddable":true,"href":"https:\/\/www.zssgorkabusko.pl\/index.php\/wp-json\/wp\/v2\/tags?post=2696"}],"curies":[{"name":"wp","href":"https:\/\/api.w.org\/{rel}","templated":true}]}}