{"id":2880,"date":"2018-11-14T20:26:56","date_gmt":"2018-11-14T19:26:56","guid":{"rendered":"http:\/\/www.zssgorkabusko.pl\/?p=2880"},"modified":"2018-11-20T13:09:27","modified_gmt":"2018-11-20T12:09:27","slug":"okruchy-pamieci","status":"publish","type":"post","link":"https:\/\/www.zssgorkabusko.pl\/index.php\/2018\/11\/14\/okruchy-pamieci\/","title":{"rendered":"OKRUCHY PAMI\u0118CI"},"content":{"rendered":"<p>&nbsp;&nbsp;&nbsp;&nbsp;&nbsp;&nbsp;&nbsp;&nbsp;&nbsp;&nbsp;&nbsp;&nbsp;&nbsp;&nbsp;&nbsp; Uczniowie Zespo\u0142u Szk\u00f3\u0142 Specjalnych zaprezentowali efekty swojej pracy zwi\u0105zane z realizacj\u0105 projektu edukacyjnego <em>Okruchy pami\u0119ci.<\/em> Nasi wychowankowie postanowili podj\u0105\u0107 ten temat, aby przekaza\u0107 najciekawsze informacje dotycz\u0105ce Henryka Sienkiewicza, J\u00f3zefa Pi\u0142sudskiego, Ignacego Jana Paderewskiego, Szymona Starkiewicza, Czes\u0142awa Mi\u0142osza, Wis\u0142awy Szymborskiej.<\/p>\n<p>&nbsp;&nbsp;&nbsp;&nbsp;&nbsp;&nbsp;&nbsp;&nbsp;&nbsp;&nbsp;&nbsp;&nbsp;&nbsp;&nbsp;&nbsp; Przygotowana prezentacja multimedialna przybli\u017cy\u0142a wszystkim zebranym sylwetki s\u0142awnych Polak\u00f3w i ich dokonania.<\/p>\nngg_shortcode_0_placeholder\n<p>&nbsp;<\/p>\n","protected":false},"excerpt":{"rendered":"<p>&nbsp;&nbsp;&nbsp;&nbsp;&nbsp;&nbsp;&nbsp;&nbsp;&nbsp;&nbsp;&nbsp;&nbsp;&nbsp;&nbsp;&nbsp; Uczniowie Zespo\u0142u Szk\u00f3\u0142 Specjalnych zaprezentowali efekty swojej pracy zwi\u0105zane z realizacj\u0105 projektu edukacyjnego Okruchy pami\u0119ci. Nasi wychowankowie postanowili podj\u0105\u0107 ten temat, aby przekaza\u0107 najciekawsze informacje dotycz\u0105ce Henryka Sienkiewicza, J\u00f3zefa Pi\u0142sudskiego, Ignacego Jana Paderewskiego, Szymona Starkiewicza, Czes\u0142awa Mi\u0142osza, Wis\u0142awy Szymborskiej. &nbsp;&nbsp;&nbsp;&nbsp;&nbsp;&nbsp;&nbsp;&nbsp;&nbsp;&nbsp;&nbsp;&nbsp;&nbsp;&nbsp;&nbsp; Przygotowana prezentacja multimedialna przybli\u017cy\u0142a wszystkim zebranym sylwetki s\u0142awnych Polak\u00f3w i ich dokonania. &#8221; order_by=&#8221;sortorder&#8221; &#8230; <a title=\"OKRUCHY PAMI\u0118CI\" class=\"read-more\" href=\"https:\/\/www.zssgorkabusko.pl\/index.php\/2018\/11\/14\/okruchy-pamieci\/\" aria-label=\"Dowiedz si\u0119 wi\u0119cej o OKRUCHY PAMI\u0118CI\">Dowiedz si\u0119 wi\u0119cej<\/a><\/p>\n","protected":false},"author":2,"featured_media":0,"comment_status":"closed","ping_status":"open","sticky":false,"template":"","format":"standard","meta":{"ngg_post_thumbnail":0,"footnotes":""},"categories":[1],"tags":[],"class_list":["post-2880","post","type-post","status-publish","format-standard","hentry","category-bez-kategorii"],"_links":{"self":[{"href":"https:\/\/www.zssgorkabusko.pl\/index.php\/wp-json\/wp\/v2\/posts\/2880","targetHints":{"allow":["GET"]}}],"collection":[{"href":"https:\/\/www.zssgorkabusko.pl\/index.php\/wp-json\/wp\/v2\/posts"}],"about":[{"href":"https:\/\/www.zssgorkabusko.pl\/index.php\/wp-json\/wp\/v2\/types\/post"}],"author":[{"embeddable":true,"href":"https:\/\/www.zssgorkabusko.pl\/index.php\/wp-json\/wp\/v2\/users\/2"}],"replies":[{"embeddable":true,"href":"https:\/\/www.zssgorkabusko.pl\/index.php\/wp-json\/wp\/v2\/comments?post=2880"}],"version-history":[{"count":3,"href":"https:\/\/www.zssgorkabusko.pl\/index.php\/wp-json\/wp\/v2\/posts\/2880\/revisions"}],"predecessor-version":[{"id":2904,"href":"https:\/\/www.zssgorkabusko.pl\/index.php\/wp-json\/wp\/v2\/posts\/2880\/revisions\/2904"}],"wp:attachment":[{"href":"https:\/\/www.zssgorkabusko.pl\/index.php\/wp-json\/wp\/v2\/media?parent=2880"}],"wp:term":[{"taxonomy":"category","embeddable":true,"href":"https:\/\/www.zssgorkabusko.pl\/index.php\/wp-json\/wp\/v2\/categories?post=2880"},{"taxonomy":"post_tag","embeddable":true,"href":"https:\/\/www.zssgorkabusko.pl\/index.php\/wp-json\/wp\/v2\/tags?post=2880"}],"curies":[{"name":"wp","href":"https:\/\/api.w.org\/{rel}","templated":true}]}}