{"id":3150,"date":"2018-12-21T20:38:44","date_gmt":"2018-12-21T19:38:44","guid":{"rendered":"http:\/\/www.zssgorkabusko.pl\/?p=3150"},"modified":"2018-12-21T20:38:44","modified_gmt":"2018-12-21T19:38:44","slug":"wigilijny-wieczor","status":"publish","type":"post","link":"https:\/\/www.zssgorkabusko.pl\/index.php\/2018\/12\/21\/wigilijny-wieczor\/","title":{"rendered":"WIGILIJNY WIECZ\u00d3R"},"content":{"rendered":"<p style=\"text-align: right;\">&nbsp;&nbsp;&nbsp;&nbsp;&nbsp;&nbsp;&nbsp;&nbsp;&nbsp;&nbsp;&nbsp;&nbsp;&nbsp;&nbsp;&nbsp;&nbsp;&nbsp;&nbsp;&nbsp;&nbsp;&nbsp;&nbsp;&nbsp;&nbsp;&nbsp;&nbsp;&nbsp;&nbsp;&nbsp;&nbsp;&nbsp;&nbsp;&nbsp;&nbsp;&nbsp;&nbsp;&nbsp;&nbsp;&nbsp;&nbsp;&nbsp;&nbsp;&nbsp;&nbsp;&nbsp;&nbsp;&nbsp;&nbsp;&nbsp;&nbsp;&nbsp;&nbsp;&nbsp;&nbsp;&nbsp;&nbsp;&nbsp;&nbsp;&nbsp;&nbsp;&nbsp;&nbsp;&nbsp;&nbsp;&nbsp;&nbsp;&nbsp;&nbsp;&nbsp; ,,Jest taki dzie\u0144, bardzo ciep\u0142y cho\u0107 grudniowy\u2026\u201d<\/p>\n<p>&nbsp;&nbsp;&nbsp;&nbsp;&nbsp;&nbsp;&nbsp;&nbsp; W dniu 13 grudnia&nbsp; nauczyciele, uczniowie, rodzice oraz pracownicy plac\u00f3wki&nbsp;<br \/>\nspotkali si\u0119 przy wsp\u00f3lnym stole. Wychowankowie przedstawili monta\u017c s\u0142owno-muzyczny, b\u0119d\u0105cy efektem&nbsp; przeprowadzonego projektu edukacyjnego nt. ,,Tradycje ludowe naszego regionu\u201d. Pi\u0119kna scenografia, stroje i charakteryzacja stworzy\u0142y magiczn\u0105 atmosfer\u0119 nadchodz\u0105cych \u015bwi\u0105t. Wigilijne sto\u0142y oraz&nbsp; ekspozycja dawnych przedmiot\u00f3w codziennego u\u017cytku, ozd\u00f3b \u015bwi\u0105tecznych ze s\u0142omy i papieru by\u0142y wa\u017cn\u0105 lekcj\u0105 historii, szczeg\u00f3lnie dla m\u0142odego pokolenia W podnios\u0142ej atmosferze wszyscy &nbsp;\u0142amali si\u0119 op\u0142atkiem. Urok,&nbsp; rado\u015b\u0107<br \/>\ni wzruszenie&nbsp; wprowadzi\u0142y wszystkich&nbsp; w czas oczekiwania na najpi\u0119kniejsze \u015bwi\u0119ta Bo\u017cego Narodzenia.<\/p>\nngg_shortcode_0_placeholder\n<p><em>&nbsp;<\/em><\/p>\n","protected":false},"excerpt":{"rendered":"<p>&nbsp;&nbsp;&nbsp;&nbsp;&nbsp;&nbsp;&nbsp;&nbsp;&nbsp;&nbsp;&nbsp;&nbsp;&nbsp;&nbsp;&nbsp;&nbsp;&nbsp;&nbsp;&nbsp;&nbsp;&nbsp;&nbsp;&nbsp;&nbsp;&nbsp;&nbsp;&nbsp;&nbsp;&nbsp;&nbsp;&nbsp;&nbsp;&nbsp;&nbsp;&nbsp;&nbsp;&nbsp;&nbsp;&nbsp;&nbsp;&nbsp;&nbsp;&nbsp;&nbsp;&nbsp;&nbsp;&nbsp;&nbsp;&nbsp;&nbsp;&nbsp;&nbsp;&nbsp;&nbsp;&nbsp;&nbsp;&nbsp;&nbsp;&nbsp;&nbsp;&nbsp;&nbsp;&nbsp;&nbsp;&nbsp;&nbsp;&nbsp;&nbsp;&nbsp; ,,Jest taki dzie\u0144, bardzo ciep\u0142y cho\u0107 grudniowy\u2026\u201d &nbsp;&nbsp;&nbsp;&nbsp;&nbsp;&nbsp;&nbsp;&nbsp; W dniu 13 grudnia&nbsp; nauczyciele, uczniowie, rodzice oraz pracownicy plac\u00f3wki&nbsp; spotkali si\u0119 przy wsp\u00f3lnym stole. Wychowankowie przedstawili monta\u017c s\u0142owno-muzyczny, b\u0119d\u0105cy efektem&nbsp; przeprowadzonego projektu edukacyjnego nt. ,,Tradycje ludowe naszego regionu\u201d. Pi\u0119kna scenografia, stroje i charakteryzacja stworzy\u0142y magiczn\u0105 atmosfer\u0119 nadchodz\u0105cych \u015bwi\u0105t. Wigilijne sto\u0142y oraz&nbsp; ekspozycja dawnych przedmiot\u00f3w codziennego &#8230; <a title=\"WIGILIJNY WIECZ\u00d3R\" class=\"read-more\" href=\"https:\/\/www.zssgorkabusko.pl\/index.php\/2018\/12\/21\/wigilijny-wieczor\/\" aria-label=\"Dowiedz si\u0119 wi\u0119cej o WIGILIJNY WIECZ\u00d3R\">Dowiedz si\u0119 wi\u0119cej<\/a><\/p>\n","protected":false},"author":2,"featured_media":0,"comment_status":"closed","ping_status":"open","sticky":false,"template":"","format":"standard","meta":{"ngg_post_thumbnail":0,"footnotes":""},"categories":[1],"tags":[],"class_list":["post-3150","post","type-post","status-publish","format-standard","hentry","category-bez-kategorii"],"_links":{"self":[{"href":"https:\/\/www.zssgorkabusko.pl\/index.php\/wp-json\/wp\/v2\/posts\/3150","targetHints":{"allow":["GET"]}}],"collection":[{"href":"https:\/\/www.zssgorkabusko.pl\/index.php\/wp-json\/wp\/v2\/posts"}],"about":[{"href":"https:\/\/www.zssgorkabusko.pl\/index.php\/wp-json\/wp\/v2\/types\/post"}],"author":[{"embeddable":true,"href":"https:\/\/www.zssgorkabusko.pl\/index.php\/wp-json\/wp\/v2\/users\/2"}],"replies":[{"embeddable":true,"href":"https:\/\/www.zssgorkabusko.pl\/index.php\/wp-json\/wp\/v2\/comments?post=3150"}],"version-history":[{"count":3,"href":"https:\/\/www.zssgorkabusko.pl\/index.php\/wp-json\/wp\/v2\/posts\/3150\/revisions"}],"predecessor-version":[{"id":3185,"href":"https:\/\/www.zssgorkabusko.pl\/index.php\/wp-json\/wp\/v2\/posts\/3150\/revisions\/3185"}],"wp:attachment":[{"href":"https:\/\/www.zssgorkabusko.pl\/index.php\/wp-json\/wp\/v2\/media?parent=3150"}],"wp:term":[{"taxonomy":"category","embeddable":true,"href":"https:\/\/www.zssgorkabusko.pl\/index.php\/wp-json\/wp\/v2\/categories?post=3150"},{"taxonomy":"post_tag","embeddable":true,"href":"https:\/\/www.zssgorkabusko.pl\/index.php\/wp-json\/wp\/v2\/tags?post=3150"}],"curies":[{"name":"wp","href":"https:\/\/api.w.org\/{rel}","templated":true}]}}