{"id":3186,"date":"2018-12-21T20:52:06","date_gmt":"2018-12-21T19:52:06","guid":{"rendered":"http:\/\/www.zssgorkabusko.pl\/?p=3186"},"modified":"2018-12-21T20:52:06","modified_gmt":"2018-12-21T19:52:06","slug":"boze-narodzenie-w-niemczech","status":"publish","type":"post","link":"https:\/\/www.zssgorkabusko.pl\/index.php\/2018\/12\/21\/boze-narodzenie-w-niemczech\/","title":{"rendered":"BO\u017bE NARODZENIE W NIEMCZECH"},"content":{"rendered":"<p>W grudniu 2018 roku w Zespole Szk\u00f3\u0142 Specjalnych&nbsp;w&nbsp;Busku-Zdroju odby\u0142y si\u0119 zaj\u0119cia dotycz\u0105ce \u015awi\u0105t Bo\u017cego Narodzenia w Niemczech. M\u0142odzie\u017c z klasy si\u00f3dmej i \u00f3smej szko\u0142y podstawowej oraz klas licealnych obejrza\u0142a prezentacj\u0119 multimedialn\u0105, zawieraj\u0105c\u0105 najwa\u017cniejsze wiadomo\u015bci dotycz\u0105ce tradycji i zwyczaj\u00f3w bo\u017conarodzeniowych u naszego zachodniego s\u0105siada. Wie\u0144ce i kalendarze adwentowe, pierniki, \u015bw. Miko\u0142aj przynosz\u0105cy prezenty, to tylko nieliczne symbole nadchodz\u0105cych \u015bwi\u0105t. Za\u015bpiewali\u015bmy r\u00f3wnie\u017c kol\u0119d\u0119 \u201eStille Nacht\u201d, czyli \u201eCicha noc\u201d, kt\u00f3ra powsta\u0142a r\u00f3wno 200 lat temu w austriackim Oberndorfie, niedaleko Salzburga.<\/p>\n<p>Frohe Weihnachten \u2013 Weso\u0142ych \u015awi\u0105t Bo\u017cego Narodzenia.<\/p>\n<p>&nbsp;<\/p>\n<p style=\"text-align: right;\">&nbsp;&nbsp;&nbsp;&nbsp;&nbsp;&nbsp;&nbsp;&nbsp;&nbsp;&nbsp;&nbsp;&nbsp;&nbsp;&nbsp;&nbsp;&nbsp;&nbsp;&nbsp;&nbsp;&nbsp;&nbsp;&nbsp;&nbsp;&nbsp;&nbsp;&nbsp;&nbsp;&nbsp;&nbsp;&nbsp;&nbsp;&nbsp;&nbsp;&nbsp;&nbsp;&nbsp;&nbsp;&nbsp;&nbsp;&nbsp;&nbsp;&nbsp;&nbsp;&nbsp;&nbsp;&nbsp;&nbsp;&nbsp;&nbsp;&nbsp;&nbsp;&nbsp;&nbsp;&nbsp;&nbsp;&nbsp;&nbsp;&nbsp;&nbsp;&nbsp;&nbsp;&nbsp;&nbsp;&nbsp;&nbsp;&nbsp;&nbsp;&nbsp;&nbsp;&nbsp;&nbsp;&nbsp;&nbsp;&nbsp;&nbsp;&nbsp;&nbsp;&nbsp;&nbsp;&nbsp;&nbsp;&nbsp;&nbsp;&nbsp;&nbsp;&nbsp;&nbsp;&nbsp;&nbsp;&nbsp;&nbsp;&nbsp;&nbsp; &nbsp;&nbsp;&nbsp;Ewa Borecka<\/p>\n<p style=\"text-align: right;\">&nbsp;&nbsp;&nbsp;&nbsp;&nbsp;&nbsp;&nbsp;&nbsp;&nbsp;&nbsp;&nbsp;&nbsp;&nbsp;&nbsp;&nbsp;&nbsp;&nbsp;&nbsp;&nbsp;&nbsp;&nbsp;&nbsp;&nbsp;&nbsp;&nbsp;&nbsp;&nbsp;&nbsp;&nbsp;&nbsp;&nbsp;&nbsp;&nbsp;&nbsp;&nbsp;&nbsp;&nbsp;&nbsp;&nbsp;&nbsp;&nbsp;&nbsp;&nbsp;&nbsp;&nbsp;&nbsp;&nbsp;&nbsp;&nbsp;&nbsp;&nbsp;&nbsp;&nbsp;&nbsp;&nbsp;&nbsp;&nbsp;&nbsp;&nbsp;&nbsp;&nbsp;&nbsp;&nbsp;&nbsp;&nbsp;&nbsp;&nbsp;&nbsp;&nbsp;&nbsp;&nbsp;&nbsp;&nbsp;&nbsp;&nbsp;&nbsp;&nbsp;&nbsp;&nbsp;&nbsp;&nbsp;&nbsp;&nbsp;&nbsp;&nbsp;&nbsp;&nbsp;&nbsp;&nbsp;&nbsp;&nbsp;&nbsp; Agnieszka Zieli\u0144ska<\/p>\n<p>&nbsp;<\/p>\n","protected":false},"excerpt":{"rendered":"<p>W grudniu 2018 roku w Zespole Szk\u00f3\u0142 Specjalnych&nbsp;w&nbsp;Busku-Zdroju odby\u0142y si\u0119 zaj\u0119cia dotycz\u0105ce \u015awi\u0105t Bo\u017cego Narodzenia w Niemczech. M\u0142odzie\u017c z klasy si\u00f3dmej i \u00f3smej szko\u0142y podstawowej oraz klas licealnych obejrza\u0142a prezentacj\u0119 multimedialn\u0105, zawieraj\u0105c\u0105 najwa\u017cniejsze wiadomo\u015bci dotycz\u0105ce tradycji i zwyczaj\u00f3w bo\u017conarodzeniowych u naszego zachodniego s\u0105siada. Wie\u0144ce i kalendarze adwentowe, pierniki, \u015bw. Miko\u0142aj przynosz\u0105cy prezenty, to tylko nieliczne &#8230; <a title=\"BO\u017bE NARODZENIE W NIEMCZECH\" class=\"read-more\" href=\"https:\/\/www.zssgorkabusko.pl\/index.php\/2018\/12\/21\/boze-narodzenie-w-niemczech\/\" aria-label=\"Dowiedz si\u0119 wi\u0119cej o BO\u017bE NARODZENIE W NIEMCZECH\">Dowiedz si\u0119 wi\u0119cej<\/a><\/p>\n","protected":false},"author":2,"featured_media":0,"comment_status":"closed","ping_status":"open","sticky":false,"template":"","format":"standard","meta":{"ngg_post_thumbnail":0,"footnotes":""},"categories":[1],"tags":[],"class_list":["post-3186","post","type-post","status-publish","format-standard","hentry","category-bez-kategorii"],"_links":{"self":[{"href":"https:\/\/www.zssgorkabusko.pl\/index.php\/wp-json\/wp\/v2\/posts\/3186","targetHints":{"allow":["GET"]}}],"collection":[{"href":"https:\/\/www.zssgorkabusko.pl\/index.php\/wp-json\/wp\/v2\/posts"}],"about":[{"href":"https:\/\/www.zssgorkabusko.pl\/index.php\/wp-json\/wp\/v2\/types\/post"}],"author":[{"embeddable":true,"href":"https:\/\/www.zssgorkabusko.pl\/index.php\/wp-json\/wp\/v2\/users\/2"}],"replies":[{"embeddable":true,"href":"https:\/\/www.zssgorkabusko.pl\/index.php\/wp-json\/wp\/v2\/comments?post=3186"}],"version-history":[{"count":2,"href":"https:\/\/www.zssgorkabusko.pl\/index.php\/wp-json\/wp\/v2\/posts\/3186\/revisions"}],"predecessor-version":[{"id":3188,"href":"https:\/\/www.zssgorkabusko.pl\/index.php\/wp-json\/wp\/v2\/posts\/3186\/revisions\/3188"}],"wp:attachment":[{"href":"https:\/\/www.zssgorkabusko.pl\/index.php\/wp-json\/wp\/v2\/media?parent=3186"}],"wp:term":[{"taxonomy":"category","embeddable":true,"href":"https:\/\/www.zssgorkabusko.pl\/index.php\/wp-json\/wp\/v2\/categories?post=3186"},{"taxonomy":"post_tag","embeddable":true,"href":"https:\/\/www.zssgorkabusko.pl\/index.php\/wp-json\/wp\/v2\/tags?post=3186"}],"curies":[{"name":"wp","href":"https:\/\/api.w.org\/{rel}","templated":true}]}}