{"id":3593,"date":"2019-04-23T18:17:24","date_gmt":"2019-04-23T16:17:24","guid":{"rendered":"http:\/\/www.zssgorkabusko.pl\/?p=3593"},"modified":"2019-04-23T18:17:24","modified_gmt":"2019-04-23T16:17:24","slug":"projekt-edukacyjny-w-wychowaniu-przedszkolnym-i-edukacji-wczesnoszkolnej","status":"publish","type":"post","link":"https:\/\/www.zssgorkabusko.pl\/index.php\/2019\/04\/23\/projekt-edukacyjny-w-wychowaniu-przedszkolnym-i-edukacji-wczesnoszkolnej\/","title":{"rendered":"PROJEKT EDUKACYJNY W WYCHOWANIU PRZEDSZKOLNYM I EDUKACJI WCZESNOSZKOLNEJ"},"content":{"rendered":"<p><strong>\u201eNasza bajka\u201d<\/strong><\/p>\n<p>10 kwietnia 2019 zako\u0144czono projekt edukacyjny pod tytu\u0142em \u201eNasza bajka\u201d. Za\u0142o\u017ceniem projektu by\u0142o przeciwdzia\u0142anie spadkowi poziomu czytelnictwa w spo\u0142ecze\u0144stwie polskim oraz promowanie nawyku dzieci\u0119cego czytania w dobie rozwoju techniki komputerowej, telewizji i filmu.<br \/>\nW pierwszej fazie projektu wychowankowie przedszkola oraz uczniowie klas I-III uczestniczyli w g\u0142o\u015bnym czytaniu znanych i lubianych bajek. Odby\u0142a si\u0119 r\u00f3wnie\u017c lekcja biblioteczna, podczas kt\u00f3rej dzieci rozmawia\u0142y na temat poznanych utwor\u00f3w literackich. Nast\u0119pnie przeprowadzono quiz o postaciach. Dzieci wykona\u0142y r\u00f3wnie\u017c prace plastyczne&nbsp; dotycz\u0105ce&nbsp; \u201eMojego ulubionego bohatera bajkowego\u201d.<br \/>\nW drugiej fazie grupa uczni\u00f3w napisa\u0142a oraz zilustrowa\u0142a klasow\u0105 bajk\u0119 pt. \u201eMajka<br \/>\nw sanatorium\u201d. M\u0142odzi tw\u00f3rcy wykazali si\u0119 du\u017c\u0105 pomys\u0142owo\u015bci\u0105, wiele przyg\u00f3d bohaterki zaczerpn\u0119li z w\u0142asnych do\u015bwiadcze\u0144. Efekty swojej pracy &nbsp;zaprezentowali podczas g\u0142o\u015bnego czytania klasowej bajki.<\/p>\n<p>M\u0142odym pisarzom \u017cyczymy dalszych sukces\u00f3w!<\/p>\nngg_shortcode_0_placeholder\n","protected":false},"excerpt":{"rendered":"<p>\u201eNasza bajka\u201d 10 kwietnia 2019 zako\u0144czono projekt edukacyjny pod tytu\u0142em \u201eNasza bajka\u201d. Za\u0142o\u017ceniem projektu by\u0142o przeciwdzia\u0142anie spadkowi poziomu czytelnictwa w spo\u0142ecze\u0144stwie polskim oraz promowanie nawyku dzieci\u0119cego czytania w dobie rozwoju techniki komputerowej, telewizji i filmu. W pierwszej fazie projektu wychowankowie przedszkola oraz uczniowie klas I-III uczestniczyli w g\u0142o\u015bnym czytaniu znanych i lubianych bajek. Odby\u0142a si\u0119 &#8230; <a title=\"PROJEKT EDUKACYJNY W WYCHOWANIU PRZEDSZKOLNYM I EDUKACJI WCZESNOSZKOLNEJ\" class=\"read-more\" href=\"https:\/\/www.zssgorkabusko.pl\/index.php\/2019\/04\/23\/projekt-edukacyjny-w-wychowaniu-przedszkolnym-i-edukacji-wczesnoszkolnej\/\" aria-label=\"Dowiedz si\u0119 wi\u0119cej o PROJEKT EDUKACYJNY W WYCHOWANIU PRZEDSZKOLNYM I EDUKACJI WCZESNOSZKOLNEJ\">Dowiedz si\u0119 wi\u0119cej<\/a><\/p>\n","protected":false},"author":2,"featured_media":0,"comment_status":"closed","ping_status":"open","sticky":false,"template":"","format":"standard","meta":{"ngg_post_thumbnail":0,"footnotes":""},"categories":[1],"tags":[],"class_list":["post-3593","post","type-post","status-publish","format-standard","hentry","category-bez-kategorii"],"_links":{"self":[{"href":"https:\/\/www.zssgorkabusko.pl\/index.php\/wp-json\/wp\/v2\/posts\/3593","targetHints":{"allow":["GET"]}}],"collection":[{"href":"https:\/\/www.zssgorkabusko.pl\/index.php\/wp-json\/wp\/v2\/posts"}],"about":[{"href":"https:\/\/www.zssgorkabusko.pl\/index.php\/wp-json\/wp\/v2\/types\/post"}],"author":[{"embeddable":true,"href":"https:\/\/www.zssgorkabusko.pl\/index.php\/wp-json\/wp\/v2\/users\/2"}],"replies":[{"embeddable":true,"href":"https:\/\/www.zssgorkabusko.pl\/index.php\/wp-json\/wp\/v2\/comments?post=3593"}],"version-history":[{"count":3,"href":"https:\/\/www.zssgorkabusko.pl\/index.php\/wp-json\/wp\/v2\/posts\/3593\/revisions"}],"predecessor-version":[{"id":3596,"href":"https:\/\/www.zssgorkabusko.pl\/index.php\/wp-json\/wp\/v2\/posts\/3593\/revisions\/3596"}],"wp:attachment":[{"href":"https:\/\/www.zssgorkabusko.pl\/index.php\/wp-json\/wp\/v2\/media?parent=3593"}],"wp:term":[{"taxonomy":"category","embeddable":true,"href":"https:\/\/www.zssgorkabusko.pl\/index.php\/wp-json\/wp\/v2\/categories?post=3593"},{"taxonomy":"post_tag","embeddable":true,"href":"https:\/\/www.zssgorkabusko.pl\/index.php\/wp-json\/wp\/v2\/tags?post=3593"}],"curies":[{"name":"wp","href":"https:\/\/api.w.org\/{rel}","templated":true}]}}