{"id":3889,"date":"2019-06-07T07:26:40","date_gmt":"2019-06-07T05:26:40","guid":{"rendered":"http:\/\/www.zssgorkabusko.pl\/?p=3889"},"modified":"2019-06-07T07:26:40","modified_gmt":"2019-06-07T05:26:40","slug":"dzien-dziecka-2","status":"publish","type":"post","link":"https:\/\/www.zssgorkabusko.pl\/index.php\/2019\/06\/07\/dzien-dziecka-2\/","title":{"rendered":"DZIE\u0143 DZIECKA"},"content":{"rendered":"<p>&nbsp; &nbsp; &nbsp; &nbsp; &nbsp; &nbsp; &nbsp; &nbsp; W dniu 3.06.2019 r. uczniowie z Zespo\u0142u Szk\u00f3\u0142 Specjalnych w Busku-Zdroju uczestniczyli w zabawie zorganizowanej z okazji Dnia Dziecka. Dzieci bawi\u0142y si\u0119 korzystaj\u0105c<br \/>\nz dmuchanej zje\u017cd\u017calni, basenu wype\u0142nionego kulkami oraz trampoliny. Nauczyciele przygotowali konkursy dla r\u00f3\u017cnych grup wiekowych, podczas kt\u00f3rych uczniowie mogli wykaza\u0107 si\u0119 refleksem, sprawno\u015bci\u0105 oraz wiedz\u0105 z r\u00f3\u017cnych przedmiot\u00f3w. Ka\u017cde dziecko otrzyma\u0142o maskotk\u0119, nie zabrak\u0142o r\u00f3wnie\u017c s\u0142odyczy, cukrowej waty, pizzy, popcornu oraz&nbsp; pieczonej kie\u0142baski. Spragnione dzieci popija\u0142y zdrow\u0105 i orze\u017awiaj\u0105c\u0105 ,,Buskowiank\u0119&#8221;. Imprez\u0119 u\u015bwietnili wolontariusze ,,M\u0142odzi dla \u015bwiata &#8222;, uczniowie Szko\u0142y Podstawowej nr 2<br \/>\nw Busku-Zdroju wraz z opiekunk\u0105 Pani\u0105 Paulin\u0105 Figiel-Gut, kt\u00f3rzy obdarowali uczni\u00f3w naszej szko\u0142y upominkami. Odwiedzi\u0142y nas r\u00f3wnie\u017c Panie Ma\u0142gorzata Wi\u015bniewska i Zofia \u015acibi\u0142o, kt\u00f3re przynios\u0142y kosz s\u0142odyczy.<br \/>\nSerdecznie dzi\u0119kujemy za mo\u017cliwo\u015b\u0107 zorganizowania Dnia Dziecka Panu dyrektorowi Markowi Arabskiemu oraz koordynatorowi do spraw administracji Panu Adrianowi Jamro\u017cemu.<\/p>\n<p>&nbsp;<\/p>\nngg_shortcode_0_placeholder\n","protected":false},"excerpt":{"rendered":"<p>&nbsp; &nbsp; &nbsp; &nbsp; &nbsp; &nbsp; &nbsp; &nbsp; W dniu 3.06.2019 r. uczniowie z Zespo\u0142u Szk\u00f3\u0142 Specjalnych w Busku-Zdroju uczestniczyli w zabawie zorganizowanej z okazji Dnia Dziecka. Dzieci bawi\u0142y si\u0119 korzystaj\u0105c z dmuchanej zje\u017cd\u017calni, basenu wype\u0142nionego kulkami oraz trampoliny. Nauczyciele przygotowali konkursy dla r\u00f3\u017cnych grup wiekowych, podczas kt\u00f3rych uczniowie mogli wykaza\u0107 si\u0119 refleksem, sprawno\u015bci\u0105 oraz &#8230; <a title=\"DZIE\u0143 DZIECKA\" class=\"read-more\" href=\"https:\/\/www.zssgorkabusko.pl\/index.php\/2019\/06\/07\/dzien-dziecka-2\/\" aria-label=\"Dowiedz si\u0119 wi\u0119cej o DZIE\u0143 DZIECKA\">Dowiedz si\u0119 wi\u0119cej<\/a><\/p>\n","protected":false},"author":2,"featured_media":0,"comment_status":"closed","ping_status":"open","sticky":false,"template":"","format":"standard","meta":{"ngg_post_thumbnail":0,"footnotes":""},"categories":[1],"tags":[],"class_list":["post-3889","post","type-post","status-publish","format-standard","hentry","category-bez-kategorii"],"_links":{"self":[{"href":"https:\/\/www.zssgorkabusko.pl\/index.php\/wp-json\/wp\/v2\/posts\/3889","targetHints":{"allow":["GET"]}}],"collection":[{"href":"https:\/\/www.zssgorkabusko.pl\/index.php\/wp-json\/wp\/v2\/posts"}],"about":[{"href":"https:\/\/www.zssgorkabusko.pl\/index.php\/wp-json\/wp\/v2\/types\/post"}],"author":[{"embeddable":true,"href":"https:\/\/www.zssgorkabusko.pl\/index.php\/wp-json\/wp\/v2\/users\/2"}],"replies":[{"embeddable":true,"href":"https:\/\/www.zssgorkabusko.pl\/index.php\/wp-json\/wp\/v2\/comments?post=3889"}],"version-history":[{"count":9,"href":"https:\/\/www.zssgorkabusko.pl\/index.php\/wp-json\/wp\/v2\/posts\/3889\/revisions"}],"predecessor-version":[{"id":3898,"href":"https:\/\/www.zssgorkabusko.pl\/index.php\/wp-json\/wp\/v2\/posts\/3889\/revisions\/3898"}],"wp:attachment":[{"href":"https:\/\/www.zssgorkabusko.pl\/index.php\/wp-json\/wp\/v2\/media?parent=3889"}],"wp:term":[{"taxonomy":"category","embeddable":true,"href":"https:\/\/www.zssgorkabusko.pl\/index.php\/wp-json\/wp\/v2\/categories?post=3889"},{"taxonomy":"post_tag","embeddable":true,"href":"https:\/\/www.zssgorkabusko.pl\/index.php\/wp-json\/wp\/v2\/tags?post=3889"}],"curies":[{"name":"wp","href":"https:\/\/api.w.org\/{rel}","templated":true}]}}