{"id":4030,"date":"2019-06-19T21:14:17","date_gmt":"2019-06-19T19:14:17","guid":{"rendered":"http:\/\/www.zssgorkabusko.pl\/?p=4030"},"modified":"2019-06-19T21:14:17","modified_gmt":"2019-06-19T19:14:17","slug":"bezpieczne-wakacje-spotkanie-ze-strazakami","status":"publish","type":"post","link":"https:\/\/www.zssgorkabusko.pl\/index.php\/2019\/06\/19\/bezpieczne-wakacje-spotkanie-ze-strazakami\/","title":{"rendered":"BEZPIECZNE WAKACJE- SPOTKANIE ZE STRA\u017bAKAMI"},"content":{"rendered":"<p>W pi\u0105tek 14.06.2019 roku w Zespole Szk\u00f3\u0142 Specjalnych w Busku-Zdroju odby\u0142o si\u0119 spotkanie edukacyjno-informacyjne przygotowane przez funkcjonariuszy Pa\u0144stwowej Stra\u017cy Po\u017carnej w Busku-Zdroju.<br \/>\nCelem akcji by\u0142o poszerzenie wiedzy uczni\u00f3w&nbsp; na temat&nbsp; bezpiecze\u0144stwa podczas letniego wypoczynku. W trakcie prelekcji om\u00f3wiono w\u0142a\u015bciwe zachowania w sytuacjach zagro\u017cenia. Przypomniano numery telefon\u00f3w alarmowych oraz zasady udzielania pierwszej pomocy przedmedycznej. Niebywa\u0142\u0105 atrakcj\u0105 okaza\u0142 si\u0119 pokaz sprz\u0119tu ga\u015bniczego. Podsumowaniem&nbsp; spotkania by\u0142y wsp\u00f3lne zdj\u0119cia i podzi\u0119kowania.<\/p>\nngg_shortcode_0_placeholder\n","protected":false},"excerpt":{"rendered":"<p>W pi\u0105tek 14.06.2019 roku w Zespole Szk\u00f3\u0142 Specjalnych w Busku-Zdroju odby\u0142o si\u0119 spotkanie edukacyjno-informacyjne przygotowane przez funkcjonariuszy Pa\u0144stwowej Stra\u017cy Po\u017carnej w Busku-Zdroju. Celem akcji by\u0142o poszerzenie wiedzy uczni\u00f3w&nbsp; na temat&nbsp; bezpiecze\u0144stwa podczas letniego wypoczynku. W trakcie prelekcji om\u00f3wiono w\u0142a\u015bciwe zachowania w sytuacjach zagro\u017cenia. Przypomniano numery telefon\u00f3w alarmowych oraz zasady udzielania pierwszej pomocy przedmedycznej. Niebywa\u0142\u0105 atrakcj\u0105 &#8230; <a title=\"BEZPIECZNE WAKACJE- SPOTKANIE ZE STRA\u017bAKAMI\" class=\"read-more\" href=\"https:\/\/www.zssgorkabusko.pl\/index.php\/2019\/06\/19\/bezpieczne-wakacje-spotkanie-ze-strazakami\/\" aria-label=\"Dowiedz si\u0119 wi\u0119cej o BEZPIECZNE WAKACJE- SPOTKANIE ZE STRA\u017bAKAMI\">Dowiedz si\u0119 wi\u0119cej<\/a><\/p>\n","protected":false},"author":2,"featured_media":0,"comment_status":"closed","ping_status":"open","sticky":false,"template":"","format":"standard","meta":{"ngg_post_thumbnail":0,"footnotes":""},"categories":[1],"tags":[],"class_list":["post-4030","post","type-post","status-publish","format-standard","hentry","category-bez-kategorii"],"_links":{"self":[{"href":"https:\/\/www.zssgorkabusko.pl\/index.php\/wp-json\/wp\/v2\/posts\/4030","targetHints":{"allow":["GET"]}}],"collection":[{"href":"https:\/\/www.zssgorkabusko.pl\/index.php\/wp-json\/wp\/v2\/posts"}],"about":[{"href":"https:\/\/www.zssgorkabusko.pl\/index.php\/wp-json\/wp\/v2\/types\/post"}],"author":[{"embeddable":true,"href":"https:\/\/www.zssgorkabusko.pl\/index.php\/wp-json\/wp\/v2\/users\/2"}],"replies":[{"embeddable":true,"href":"https:\/\/www.zssgorkabusko.pl\/index.php\/wp-json\/wp\/v2\/comments?post=4030"}],"version-history":[{"count":2,"href":"https:\/\/www.zssgorkabusko.pl\/index.php\/wp-json\/wp\/v2\/posts\/4030\/revisions"}],"predecessor-version":[{"id":4074,"href":"https:\/\/www.zssgorkabusko.pl\/index.php\/wp-json\/wp\/v2\/posts\/4030\/revisions\/4074"}],"wp:attachment":[{"href":"https:\/\/www.zssgorkabusko.pl\/index.php\/wp-json\/wp\/v2\/media?parent=4030"}],"wp:term":[{"taxonomy":"category","embeddable":true,"href":"https:\/\/www.zssgorkabusko.pl\/index.php\/wp-json\/wp\/v2\/categories?post=4030"},{"taxonomy":"post_tag","embeddable":true,"href":"https:\/\/www.zssgorkabusko.pl\/index.php\/wp-json\/wp\/v2\/tags?post=4030"}],"curies":[{"name":"wp","href":"https:\/\/api.w.org\/{rel}","templated":true}]}}