{"id":4109,"date":"2019-06-20T17:54:37","date_gmt":"2019-06-20T15:54:37","guid":{"rendered":"http:\/\/www.zssgorkabusko.pl\/?p=4109"},"modified":"2019-06-20T17:54:37","modified_gmt":"2019-06-20T15:54:37","slug":"zakonczenie-roku-szkolnego-20182019","status":"publish","type":"post","link":"https:\/\/www.zssgorkabusko.pl\/index.php\/2019\/06\/20\/zakonczenie-roku-szkolnego-20182019\/","title":{"rendered":"ZAKO\u0143CZENIE ROKU SZKOLNEGO 2018\/2019  \u00a0"},"content":{"rendered":"<p style=\"text-align: left;\">Bo wakacji nadszed\u0142 czas \u2013 tak m\u00f3wi\u0105 s\u0142owa piosenki wy\u015bpiewanej przez uczni\u00f3w Zespo\u0142u Szk\u00f3\u0142 Specjalnych na zako\u0144czenie roku szkolnego 2018\/2019. Kr\u00f3tkim programem artystycznym uczniowie podzi\u0119kowali swoim nauczycielom za przekazan\u0105 wiedz\u0119, cierpliwo\u015b\u0107 oraz trud wychowania. Uroczysto\u015b\u0107 u\u015bwietnili swoj\u0105 obecno\u015bci\u0105 zaproszeni go\u015bcie: Dyrektor Szpitala ,,G\u00f3rka&#8221; Pan Marek Arabski, Koordynator ds. Rehabilitacji Pani Marta Czajor, Piel\u0119gniarka Oddzia\u0142owa Pani Rozalia Rusiecka oraz rodzice naszych uczni\u00f3w. Dyrektor Zespo\u0142u Szk\u00f3\u0142 Specjalnych Pani Justyna Kwiatkowska podzi\u0119kowa\u0142a wszystkim<br \/>\nza wsp\u00f3ln\u0105 prac\u0119 oraz \u017cyczy\u0142a uczniom i nauczycielom bezpiecznych i s\u0142onecznych wakacji.<br \/>\nNa zako\u0144czenie Pani Dyrektor pocz\u0119stowa\u0142a uczni\u00f3w s\u0142odyczami.<\/p>\nngg_shortcode_0_placeholder\n","protected":false},"excerpt":{"rendered":"<p>Bo wakacji nadszed\u0142 czas \u2013 tak m\u00f3wi\u0105 s\u0142owa piosenki wy\u015bpiewanej przez uczni\u00f3w Zespo\u0142u Szk\u00f3\u0142 Specjalnych na zako\u0144czenie roku szkolnego 2018\/2019. Kr\u00f3tkim programem artystycznym uczniowie podzi\u0119kowali swoim nauczycielom za przekazan\u0105 wiedz\u0119, cierpliwo\u015b\u0107 oraz trud wychowania. Uroczysto\u015b\u0107 u\u015bwietnili swoj\u0105 obecno\u015bci\u0105 zaproszeni go\u015bcie: Dyrektor Szpitala ,,G\u00f3rka&#8221; Pan Marek Arabski, Koordynator ds. Rehabilitacji Pani Marta Czajor, Piel\u0119gniarka Oddzia\u0142owa Pani &#8230; <a title=\"ZAKO\u0143CZENIE ROKU SZKOLNEGO 2018\/2019  \u00a0\" class=\"read-more\" href=\"https:\/\/www.zssgorkabusko.pl\/index.php\/2019\/06\/20\/zakonczenie-roku-szkolnego-20182019\/\" aria-label=\"Dowiedz si\u0119 wi\u0119cej o ZAKO\u0143CZENIE ROKU SZKOLNEGO 2018\/2019  \u00a0\">Dowiedz si\u0119 wi\u0119cej<\/a><\/p>\n","protected":false},"author":2,"featured_media":0,"comment_status":"closed","ping_status":"open","sticky":false,"template":"","format":"standard","meta":{"ngg_post_thumbnail":0,"footnotes":""},"categories":[1],"tags":[],"class_list":["post-4109","post","type-post","status-publish","format-standard","hentry","category-bez-kategorii"],"_links":{"self":[{"href":"https:\/\/www.zssgorkabusko.pl\/index.php\/wp-json\/wp\/v2\/posts\/4109","targetHints":{"allow":["GET"]}}],"collection":[{"href":"https:\/\/www.zssgorkabusko.pl\/index.php\/wp-json\/wp\/v2\/posts"}],"about":[{"href":"https:\/\/www.zssgorkabusko.pl\/index.php\/wp-json\/wp\/v2\/types\/post"}],"author":[{"embeddable":true,"href":"https:\/\/www.zssgorkabusko.pl\/index.php\/wp-json\/wp\/v2\/users\/2"}],"replies":[{"embeddable":true,"href":"https:\/\/www.zssgorkabusko.pl\/index.php\/wp-json\/wp\/v2\/comments?post=4109"}],"version-history":[{"count":3,"href":"https:\/\/www.zssgorkabusko.pl\/index.php\/wp-json\/wp\/v2\/posts\/4109\/revisions"}],"predecessor-version":[{"id":4112,"href":"https:\/\/www.zssgorkabusko.pl\/index.php\/wp-json\/wp\/v2\/posts\/4109\/revisions\/4112"}],"wp:attachment":[{"href":"https:\/\/www.zssgorkabusko.pl\/index.php\/wp-json\/wp\/v2\/media?parent=4109"}],"wp:term":[{"taxonomy":"category","embeddable":true,"href":"https:\/\/www.zssgorkabusko.pl\/index.php\/wp-json\/wp\/v2\/categories?post=4109"},{"taxonomy":"post_tag","embeddable":true,"href":"https:\/\/www.zssgorkabusko.pl\/index.php\/wp-json\/wp\/v2\/tags?post=4109"}],"curies":[{"name":"wp","href":"https:\/\/api.w.org\/{rel}","templated":true}]}}