{"id":4196,"date":"2019-09-22T19:54:20","date_gmt":"2019-09-22T17:54:20","guid":{"rendered":"http:\/\/www.zssgorkabusko.pl\/?p=4196"},"modified":"2019-09-22T19:54:20","modified_gmt":"2019-09-22T17:54:20","slug":"rajd-pieszy-sladami-bitwy-pod-bronina","status":"publish","type":"post","link":"https:\/\/www.zssgorkabusko.pl\/index.php\/2019\/09\/22\/rajd-pieszy-sladami-bitwy-pod-bronina\/","title":{"rendered":"RAJD PIESZY ,,\u015aLADAMI BITWY POD BRONIN\u0104&#8221;"},"content":{"rendered":"<p>Dnia 7 wrze\u015bnia 2019 roku dru\u017cyna harcerska z Zespo\u0142u Szk\u00f3\u0142 Specjalnych w Busku-Zdroju uczestniczy\u0142a w rajdzie pieszym \u201e\u015aladami bitwy pod Bronin\u0105\u201d. W\u0119dr\u00f3wka&nbsp; stanowi\u0142a&nbsp; jeden<br \/>\nz etap\u00f3w obchod\u00f3w &nbsp;80. rocznicy bitwy pod Bronin\u0105, kt\u00f3ra rozegra\u0142a si\u0119<br \/>\n9 wrze\u015bnia 1939 roku.&nbsp;&nbsp;&nbsp;&nbsp;&nbsp;&nbsp;&nbsp;&nbsp;&nbsp;&nbsp;&nbsp;&nbsp;&nbsp;&nbsp; &nbsp;&nbsp;&nbsp;&nbsp;&nbsp;&nbsp;&nbsp;&nbsp;&nbsp;&nbsp;&nbsp;&nbsp;&nbsp;&nbsp;&nbsp;&nbsp;&nbsp;&nbsp;&nbsp;&nbsp;&nbsp;&nbsp;&nbsp;&nbsp;&nbsp;&nbsp;&nbsp;&nbsp;&nbsp;&nbsp;&nbsp;&nbsp;&nbsp;&nbsp;&nbsp;&nbsp;&nbsp;&nbsp;&nbsp;&nbsp;&nbsp;&nbsp;&nbsp;&nbsp;&nbsp;&nbsp;&nbsp;&nbsp;&nbsp;&nbsp;&nbsp;&nbsp;&nbsp;&nbsp;&nbsp;&nbsp;&nbsp;&nbsp;&nbsp;&nbsp;&nbsp;&nbsp;&nbsp;&nbsp;&nbsp;&nbsp;&nbsp;&nbsp;&nbsp;&nbsp;&nbsp;&nbsp;&nbsp;&nbsp;&nbsp;&nbsp;&nbsp;&nbsp;<br \/>\nZapalaj\u0105c znicz pod pomnikiem upami\u0119tniaj\u0105cym miejsce tego wa\u017cnego wydarzenia harcerze oddali ho\u0142d tym, kt\u00f3rzy po\u015bwi\u0119cili swoje \u017cycie w obronie Ojczyzny.<\/p>\nngg_shortcode_0_placeholder\n","protected":false},"excerpt":{"rendered":"<p>Dnia 7 wrze\u015bnia 2019 roku dru\u017cyna harcerska z Zespo\u0142u Szk\u00f3\u0142 Specjalnych w Busku-Zdroju uczestniczy\u0142a w rajdzie pieszym \u201e\u015aladami bitwy pod Bronin\u0105\u201d. W\u0119dr\u00f3wka&nbsp; stanowi\u0142a&nbsp; jeden z etap\u00f3w obchod\u00f3w &nbsp;80. rocznicy bitwy pod Bronin\u0105, kt\u00f3ra rozegra\u0142a si\u0119 9 wrze\u015bnia 1939 roku.&nbsp;&nbsp;&nbsp;&nbsp;&nbsp;&nbsp;&nbsp;&nbsp;&nbsp;&nbsp;&nbsp;&nbsp;&nbsp;&nbsp; &nbsp;&nbsp;&nbsp;&nbsp;&nbsp;&nbsp;&nbsp;&nbsp;&nbsp;&nbsp;&nbsp;&nbsp;&nbsp;&nbsp;&nbsp;&nbsp;&nbsp;&nbsp;&nbsp;&nbsp;&nbsp;&nbsp;&nbsp;&nbsp;&nbsp;&nbsp;&nbsp;&nbsp;&nbsp;&nbsp;&nbsp;&nbsp;&nbsp;&nbsp;&nbsp;&nbsp;&nbsp;&nbsp;&nbsp;&nbsp;&nbsp;&nbsp;&nbsp;&nbsp;&nbsp;&nbsp;&nbsp;&nbsp;&nbsp;&nbsp;&nbsp;&nbsp;&nbsp;&nbsp;&nbsp;&nbsp;&nbsp;&nbsp;&nbsp;&nbsp;&nbsp;&nbsp;&nbsp;&nbsp;&nbsp;&nbsp;&nbsp;&nbsp;&nbsp;&nbsp;&nbsp;&nbsp;&nbsp;&nbsp;&nbsp;&nbsp;&nbsp;&nbsp; Zapalaj\u0105c znicz pod pomnikiem upami\u0119tniaj\u0105cym miejsce tego wa\u017cnego wydarzenia harcerze oddali ho\u0142d tym, kt\u00f3rzy po\u015bwi\u0119cili &#8230; <a title=\"RAJD PIESZY ,,\u015aLADAMI BITWY POD BRONIN\u0104&#8221;\" class=\"read-more\" href=\"https:\/\/www.zssgorkabusko.pl\/index.php\/2019\/09\/22\/rajd-pieszy-sladami-bitwy-pod-bronina\/\" aria-label=\"Dowiedz si\u0119 wi\u0119cej o RAJD PIESZY ,,\u015aLADAMI BITWY POD BRONIN\u0104&#8221;\">Dowiedz si\u0119 wi\u0119cej<\/a><\/p>\n","protected":false},"author":2,"featured_media":0,"comment_status":"closed","ping_status":"open","sticky":false,"template":"","format":"standard","meta":{"ngg_post_thumbnail":0,"footnotes":""},"categories":[1],"tags":[],"class_list":["post-4196","post","type-post","status-publish","format-standard","hentry","category-bez-kategorii"],"_links":{"self":[{"href":"https:\/\/www.zssgorkabusko.pl\/index.php\/wp-json\/wp\/v2\/posts\/4196","targetHints":{"allow":["GET"]}}],"collection":[{"href":"https:\/\/www.zssgorkabusko.pl\/index.php\/wp-json\/wp\/v2\/posts"}],"about":[{"href":"https:\/\/www.zssgorkabusko.pl\/index.php\/wp-json\/wp\/v2\/types\/post"}],"author":[{"embeddable":true,"href":"https:\/\/www.zssgorkabusko.pl\/index.php\/wp-json\/wp\/v2\/users\/2"}],"replies":[{"embeddable":true,"href":"https:\/\/www.zssgorkabusko.pl\/index.php\/wp-json\/wp\/v2\/comments?post=4196"}],"version-history":[{"count":5,"href":"https:\/\/www.zssgorkabusko.pl\/index.php\/wp-json\/wp\/v2\/posts\/4196\/revisions"}],"predecessor-version":[{"id":4209,"href":"https:\/\/www.zssgorkabusko.pl\/index.php\/wp-json\/wp\/v2\/posts\/4196\/revisions\/4209"}],"wp:attachment":[{"href":"https:\/\/www.zssgorkabusko.pl\/index.php\/wp-json\/wp\/v2\/media?parent=4196"}],"wp:term":[{"taxonomy":"category","embeddable":true,"href":"https:\/\/www.zssgorkabusko.pl\/index.php\/wp-json\/wp\/v2\/categories?post=4196"},{"taxonomy":"post_tag","embeddable":true,"href":"https:\/\/www.zssgorkabusko.pl\/index.php\/wp-json\/wp\/v2\/tags?post=4196"}],"curies":[{"name":"wp","href":"https:\/\/api.w.org\/{rel}","templated":true}]}}