{"id":4322,"date":"2019-10-17T21:13:10","date_gmt":"2019-10-17T19:13:10","guid":{"rendered":"http:\/\/www.zssgorkabusko.pl\/?p=4322"},"modified":"2019-10-17T21:13:10","modified_gmt":"2019-10-17T19:13:10","slug":"dzien-edukacji-narodowej-2","status":"publish","type":"post","link":"https:\/\/www.zssgorkabusko.pl\/index.php\/2019\/10\/17\/dzien-edukacji-narodowej-2\/","title":{"rendered":"DZIE\u0143 EDUKACJI NARODOWEJ"},"content":{"rendered":"<p>Dzie\u0144 Edukacji Narodowej to \u015bwi\u0119to wszystkich nauczycieli, pedagog\u00f3w oraz pracownik\u00f3w o\u015bwiaty. Z tej to okazji w dniu 14 pa\u017adziernika w naszej szkole odby\u0142a si\u0119 akademia. W uroczysto\u015bci uczestniczyli zaproszeni go\u015bcie &#8211; Starosta Powiatu Buskiego Jerzy Kolarz, Ordynator Oddzia\u0142u III Dorota Kuli\u0144ska-Ksi\u0105\u017cek, Piel\u0119gniarka Oddzia\u0142owa Rozalia Rusiecka, &nbsp;Kierownik Administracyjny &nbsp;Adrian Jamro\u017cy.<\/p>\n<p>Pani Dyrektor Zespo\u0142u Szk\u00f3\u0142 Specjalnych Justyna Kwiatkowska serdecznie przywita\u0142a wszystkich obecnych. W swoim wyst\u0105pieniu z\u0142o\u017cy\u0142a podzi\u0119kowania nauczycielom<br \/>\ni wychowawcom &nbsp;za prac\u0119 oraz \u017cyczy\u0142a sukces\u00f3w w kszta\u0142ceniu i wychowaniu m\u0142odego pokolenia. Nast\u0119pnie g\u0142os zabra\u0142 Pan Jerzy Kolarz, kt\u00f3ry z\u0142o\u017cy\u0142 \u017cyczenia wszystkim pracownikom. &nbsp;Uczniowie Zespo\u0142u poprzez recytowane wiersze i \u015bpiewane piosenki przekazali pedagogom najlepsze \u017cyczenia.<\/p>\nngg_shortcode_0_placeholder\n","protected":false},"excerpt":{"rendered":"<p>Dzie\u0144 Edukacji Narodowej to \u015bwi\u0119to wszystkich nauczycieli, pedagog\u00f3w oraz pracownik\u00f3w o\u015bwiaty. Z tej to okazji w dniu 14 pa\u017adziernika w naszej szkole odby\u0142a si\u0119 akademia. W uroczysto\u015bci uczestniczyli zaproszeni go\u015bcie &#8211; Starosta Powiatu Buskiego Jerzy Kolarz, Ordynator Oddzia\u0142u III Dorota Kuli\u0144ska-Ksi\u0105\u017cek, Piel\u0119gniarka Oddzia\u0142owa Rozalia Rusiecka, &nbsp;Kierownik Administracyjny &nbsp;Adrian Jamro\u017cy. Pani Dyrektor Zespo\u0142u Szk\u00f3\u0142 Specjalnych Justyna &#8230; <a title=\"DZIE\u0143 EDUKACJI NARODOWEJ\" class=\"read-more\" href=\"https:\/\/www.zssgorkabusko.pl\/index.php\/2019\/10\/17\/dzien-edukacji-narodowej-2\/\" aria-label=\"Dowiedz si\u0119 wi\u0119cej o DZIE\u0143 EDUKACJI NARODOWEJ\">Dowiedz si\u0119 wi\u0119cej<\/a><\/p>\n","protected":false},"author":2,"featured_media":0,"comment_status":"closed","ping_status":"open","sticky":false,"template":"","format":"standard","meta":{"ngg_post_thumbnail":0,"footnotes":""},"categories":[1],"tags":[],"class_list":["post-4322","post","type-post","status-publish","format-standard","hentry","category-bez-kategorii"],"_links":{"self":[{"href":"https:\/\/www.zssgorkabusko.pl\/index.php\/wp-json\/wp\/v2\/posts\/4322","targetHints":{"allow":["GET"]}}],"collection":[{"href":"https:\/\/www.zssgorkabusko.pl\/index.php\/wp-json\/wp\/v2\/posts"}],"about":[{"href":"https:\/\/www.zssgorkabusko.pl\/index.php\/wp-json\/wp\/v2\/types\/post"}],"author":[{"embeddable":true,"href":"https:\/\/www.zssgorkabusko.pl\/index.php\/wp-json\/wp\/v2\/users\/2"}],"replies":[{"embeddable":true,"href":"https:\/\/www.zssgorkabusko.pl\/index.php\/wp-json\/wp\/v2\/comments?post=4322"}],"version-history":[{"count":4,"href":"https:\/\/www.zssgorkabusko.pl\/index.php\/wp-json\/wp\/v2\/posts\/4322\/revisions"}],"predecessor-version":[{"id":4342,"href":"https:\/\/www.zssgorkabusko.pl\/index.php\/wp-json\/wp\/v2\/posts\/4322\/revisions\/4342"}],"wp:attachment":[{"href":"https:\/\/www.zssgorkabusko.pl\/index.php\/wp-json\/wp\/v2\/media?parent=4322"}],"wp:term":[{"taxonomy":"category","embeddable":true,"href":"https:\/\/www.zssgorkabusko.pl\/index.php\/wp-json\/wp\/v2\/categories?post=4322"},{"taxonomy":"post_tag","embeddable":true,"href":"https:\/\/www.zssgorkabusko.pl\/index.php\/wp-json\/wp\/v2\/tags?post=4322"}],"curies":[{"name":"wp","href":"https:\/\/api.w.org\/{rel}","templated":true}]}}