{"id":4433,"date":"2019-12-01T19:33:36","date_gmt":"2019-12-01T18:33:36","guid":{"rendered":"http:\/\/www.zssgorkabusko.pl\/?p=4433"},"modified":"2019-12-01T19:33:36","modified_gmt":"2019-12-01T18:33:36","slug":"czlowiek-jest-czastka-przyrody","status":"publish","type":"post","link":"https:\/\/www.zssgorkabusko.pl\/index.php\/2019\/12\/01\/czlowiek-jest-czastka-przyrody\/","title":{"rendered":"CZ\u0141OWIEK JEST CZ\u0104STK\u0104 PRZYRODY"},"content":{"rendered":"<p>26.11.2019 r. odby\u0142a si\u0119 prezentacja efekt\u00f3w projektu edukacyjnego pt. \u201eCz\u0142owiek jest cz\u0105stk\u0105 przyrody\u201d.&nbsp; G\u0142\u00f3wnym celem projektu by\u0142o u\u015bwiadomienie uczniom &nbsp;jak\u0105 rol\u0119 pe\u0142ni cz\u0142owiek w \u015brodowisku i jak jego dzia\u0142ania wp\u0142ywaj\u0105 na przyrod\u0119.&nbsp; W ramach projektu uczniowie klas IV-VIII szko\u0142y podstawowej oraz liceum og\u00f3lnokszta\u0142c\u0105cego mieli mo\u017cliwo\u015b\u0107 zobaczy\u0107 prezentacj\u0119 i wys\u0142ucha\u0107 ciekawych opowie\u015bci przedstawiciela Nadnidzia\u0144skiego Parku Krajobrazowego na temat bior\u00f3\u017cnorodno\u015bci gatunk\u00f3w ro\u015blinnych i zwierz\u0119cych oraz ich przystosowaniu do zmieniaj\u0105cego si\u0119 klimatu na Ziemi. Zaproszono r\u00f3wnie\u017c Naczelnika Wydzia\u0142u Rolnictwa, Le\u015bnictwa i Ochrony \u015arodowiska Starostwa Powiatowego w Busku -Zdroju, kt\u00f3rego prelekcja dotyczy\u0142a skutk\u00f3w zanieczyszcze\u0144 powietrza i wody oraz dzia\u0142a\u0144 ekologicznych, kt\u00f3re nale\u017cy podejmowa\u0107, aby chroni\u0107 przyrod\u0119.<br \/>\nUczniowie realizuj\u0105c projekt &nbsp;wykonali plakat tematyczny, opracowali prezentacj\u0119 multimedialn\u0105 oraz wzi\u0119li udzia\u0142 w konkursie, do kt\u00f3rego odpowiedzi znajdowa\u0142y si\u0119 na tablicy w postaci ilustracji i kr\u00f3tkich opis\u00f3w.<\/p>\nngg_shortcode_0_placeholder\n","protected":false},"excerpt":{"rendered":"<p>26.11.2019 r. odby\u0142a si\u0119 prezentacja efekt\u00f3w projektu edukacyjnego pt. \u201eCz\u0142owiek jest cz\u0105stk\u0105 przyrody\u201d.&nbsp; G\u0142\u00f3wnym celem projektu by\u0142o u\u015bwiadomienie uczniom &nbsp;jak\u0105 rol\u0119 pe\u0142ni cz\u0142owiek w \u015brodowisku i jak jego dzia\u0142ania wp\u0142ywaj\u0105 na przyrod\u0119.&nbsp; W ramach projektu uczniowie klas IV-VIII szko\u0142y podstawowej oraz liceum og\u00f3lnokszta\u0142c\u0105cego mieli mo\u017cliwo\u015b\u0107 zobaczy\u0107 prezentacj\u0119 i wys\u0142ucha\u0107 ciekawych opowie\u015bci przedstawiciela Nadnidzia\u0144skiego Parku Krajobrazowego &#8230; <a title=\"CZ\u0141OWIEK JEST CZ\u0104STK\u0104 PRZYRODY\" class=\"read-more\" href=\"https:\/\/www.zssgorkabusko.pl\/index.php\/2019\/12\/01\/czlowiek-jest-czastka-przyrody\/\" aria-label=\"Dowiedz si\u0119 wi\u0119cej o CZ\u0141OWIEK JEST CZ\u0104STK\u0104 PRZYRODY\">Dowiedz si\u0119 wi\u0119cej<\/a><\/p>\n","protected":false},"author":2,"featured_media":0,"comment_status":"closed","ping_status":"open","sticky":false,"template":"","format":"standard","meta":{"ngg_post_thumbnail":0,"footnotes":""},"categories":[1],"tags":[],"class_list":["post-4433","post","type-post","status-publish","format-standard","hentry","category-bez-kategorii"],"_links":{"self":[{"href":"https:\/\/www.zssgorkabusko.pl\/index.php\/wp-json\/wp\/v2\/posts\/4433","targetHints":{"allow":["GET"]}}],"collection":[{"href":"https:\/\/www.zssgorkabusko.pl\/index.php\/wp-json\/wp\/v2\/posts"}],"about":[{"href":"https:\/\/www.zssgorkabusko.pl\/index.php\/wp-json\/wp\/v2\/types\/post"}],"author":[{"embeddable":true,"href":"https:\/\/www.zssgorkabusko.pl\/index.php\/wp-json\/wp\/v2\/users\/2"}],"replies":[{"embeddable":true,"href":"https:\/\/www.zssgorkabusko.pl\/index.php\/wp-json\/wp\/v2\/comments?post=4433"}],"version-history":[{"count":2,"href":"https:\/\/www.zssgorkabusko.pl\/index.php\/wp-json\/wp\/v2\/posts\/4433\/revisions"}],"predecessor-version":[{"id":4445,"href":"https:\/\/www.zssgorkabusko.pl\/index.php\/wp-json\/wp\/v2\/posts\/4433\/revisions\/4445"}],"wp:attachment":[{"href":"https:\/\/www.zssgorkabusko.pl\/index.php\/wp-json\/wp\/v2\/media?parent=4433"}],"wp:term":[{"taxonomy":"category","embeddable":true,"href":"https:\/\/www.zssgorkabusko.pl\/index.php\/wp-json\/wp\/v2\/categories?post=4433"},{"taxonomy":"post_tag","embeddable":true,"href":"https:\/\/www.zssgorkabusko.pl\/index.php\/wp-json\/wp\/v2\/tags?post=4433"}],"curies":[{"name":"wp","href":"https:\/\/api.w.org\/{rel}","templated":true}]}}