{"id":4545,"date":"2019-12-20T21:38:00","date_gmt":"2019-12-20T20:38:00","guid":{"rendered":"http:\/\/www.zssgorkabusko.pl\/?p=4545"},"modified":"2020-01-22T14:48:26","modified_gmt":"2020-01-22T13:48:26","slug":"4545","status":"publish","type":"post","link":"https:\/\/www.zssgorkabusko.pl\/index.php\/2019\/12\/20\/4545\/","title":{"rendered":"WIECZ\u00d3R WIGILIJNY"},"content":{"rendered":"<p>,, Pom\u00f3dlmy si\u0119 w Noc Betlejemsk\u0105,<\/p>\n<p>&nbsp;&nbsp; w Noc Szcz\u0119\u015bliwego Rozwi\u0105zania.<\/p>\n<p>&nbsp;&nbsp; By wszystko si\u0119 nam rozpl\u0105ta\u0142o,<\/p>\n<p>&nbsp;&nbsp; w\u0119z\u0142y, konflikty, powik\u0142ania\u201d.<\/p>\n<p>&nbsp;&nbsp;&nbsp;&nbsp;&nbsp;&nbsp;&nbsp;&nbsp;&nbsp;&nbsp;&nbsp;&nbsp;&nbsp;&nbsp;&nbsp;&nbsp;&nbsp; ( ks. Jan Twardowski)<\/p>\n<p>&nbsp;&nbsp; Dnia 16 grudnia spotkali\u015bmy si\u0119 wszyscy razem: Pani Dyrektor, Grono Pedagogiczne, rodzice i dzieci, aby jako jedna szpitalna rodzina wsp\u00f3lnie prze\u017cy\u0107 zbli\u017caj\u0105ce si\u0119 \u015awi\u0119ta Bo\u017cego Narodzenia. Uczniowie przedstawili histori\u0119 Narodzenia Bo\u017cego Syna, a zaproszony go\u015b\u0107 ks. Pra\u0142at Marek Podyma po\u015bwi\u0119ci\u0142 op\u0142atki i wraz z Pani\u0105 Dyrektor z\u0142o\u017cy\u0142 wszystkim serdeczne \u017cyczenia. Chwila \u0142amania si\u0119 kruszynami bia\u0142ego op\u0142atka dostarczy\u0142a nam wielu wzrusze\u0144 i wprowadzi\u0142a w klimat zbli\u017caj\u0105cych si\u0119 \u015bwi\u0105t.<\/p>\nngg_shortcode_0_placeholder\n","protected":false},"excerpt":{"rendered":"<p>,, Pom\u00f3dlmy si\u0119 w Noc Betlejemsk\u0105, &nbsp;&nbsp; w Noc Szcz\u0119\u015bliwego Rozwi\u0105zania. &nbsp;&nbsp; By wszystko si\u0119 nam rozpl\u0105ta\u0142o, &nbsp;&nbsp; w\u0119z\u0142y, konflikty, powik\u0142ania\u201d. &nbsp;&nbsp;&nbsp;&nbsp;&nbsp;&nbsp;&nbsp;&nbsp;&nbsp;&nbsp;&nbsp;&nbsp;&nbsp;&nbsp;&nbsp;&nbsp;&nbsp; ( ks. Jan Twardowski) &nbsp;&nbsp; Dnia 16 grudnia spotkali\u015bmy si\u0119 wszyscy razem: Pani Dyrektor, Grono Pedagogiczne, rodzice i dzieci, aby jako jedna szpitalna rodzina wsp\u00f3lnie prze\u017cy\u0107 zbli\u017caj\u0105ce si\u0119 \u015awi\u0119ta Bo\u017cego Narodzenia. Uczniowie przedstawili &#8230; <a title=\"WIECZ\u00d3R WIGILIJNY\" class=\"read-more\" href=\"https:\/\/www.zssgorkabusko.pl\/index.php\/2019\/12\/20\/4545\/\" aria-label=\"Dowiedz si\u0119 wi\u0119cej o WIECZ\u00d3R WIGILIJNY\">Dowiedz si\u0119 wi\u0119cej<\/a><\/p>\n","protected":false},"author":2,"featured_media":0,"comment_status":"closed","ping_status":"open","sticky":false,"template":"","format":"standard","meta":{"ngg_post_thumbnail":0,"footnotes":""},"categories":[1],"tags":[],"class_list":["post-4545","post","type-post","status-publish","format-standard","hentry","category-bez-kategorii"],"_links":{"self":[{"href":"https:\/\/www.zssgorkabusko.pl\/index.php\/wp-json\/wp\/v2\/posts\/4545","targetHints":{"allow":["GET"]}}],"collection":[{"href":"https:\/\/www.zssgorkabusko.pl\/index.php\/wp-json\/wp\/v2\/posts"}],"about":[{"href":"https:\/\/www.zssgorkabusko.pl\/index.php\/wp-json\/wp\/v2\/types\/post"}],"author":[{"embeddable":true,"href":"https:\/\/www.zssgorkabusko.pl\/index.php\/wp-json\/wp\/v2\/users\/2"}],"replies":[{"embeddable":true,"href":"https:\/\/www.zssgorkabusko.pl\/index.php\/wp-json\/wp\/v2\/comments?post=4545"}],"version-history":[{"count":5,"href":"https:\/\/www.zssgorkabusko.pl\/index.php\/wp-json\/wp\/v2\/posts\/4545\/revisions"}],"predecessor-version":[{"id":4600,"href":"https:\/\/www.zssgorkabusko.pl\/index.php\/wp-json\/wp\/v2\/posts\/4545\/revisions\/4600"}],"wp:attachment":[{"href":"https:\/\/www.zssgorkabusko.pl\/index.php\/wp-json\/wp\/v2\/media?parent=4545"}],"wp:term":[{"taxonomy":"category","embeddable":true,"href":"https:\/\/www.zssgorkabusko.pl\/index.php\/wp-json\/wp\/v2\/categories?post=4545"},{"taxonomy":"post_tag","embeddable":true,"href":"https:\/\/www.zssgorkabusko.pl\/index.php\/wp-json\/wp\/v2\/tags?post=4545"}],"curies":[{"name":"wp","href":"https:\/\/api.w.org\/{rel}","templated":true}]}}