{"id":4687,"date":"2020-03-04T12:00:25","date_gmt":"2020-03-04T11:00:25","guid":{"rendered":"http:\/\/www.zssgorkabusko.pl\/?p=4687"},"modified":"2020-03-04T12:00:25","modified_gmt":"2020-03-04T11:00:25","slug":"targi-edukacyjne","status":"publish","type":"post","link":"https:\/\/www.zssgorkabusko.pl\/index.php\/2020\/03\/04\/targi-edukacyjne\/","title":{"rendered":"TARGI EDUKACYJNE"},"content":{"rendered":"<p>28.02.2020 r. Zesp\u00f3\u0142 Szk\u00f3\u0142 Specjalnych bra\u0142 udzia\u0142 w 16. Powiatowych Targach Edukacyjnych. Celem tego przedsi\u0119wzi\u0119cia jest zapoznanie uczni\u00f3w \u00f3smych klas szko\u0142y podstawowej z ofert\u0105 edukacyjn\u0105 szk\u00f3\u0142 ponadpodstawowych prowadzonych przez&nbsp; Powiat Buski. Umo\u017cliwia to m\u0142odzie\u017cy dokonanie optymalnego wyboru dalszej drogi kszta\u0142cenia.<\/p>\nngg_shortcode_0_placeholder\n","protected":false},"excerpt":{"rendered":"<p>28.02.2020 r. Zesp\u00f3\u0142 Szk\u00f3\u0142 Specjalnych bra\u0142 udzia\u0142 w 16. Powiatowych Targach Edukacyjnych. Celem tego przedsi\u0119wzi\u0119cia jest zapoznanie uczni\u00f3w \u00f3smych klas szko\u0142y podstawowej z ofert\u0105 edukacyjn\u0105 szk\u00f3\u0142 ponadpodstawowych prowadzonych przez&nbsp; Powiat Buski. Umo\u017cliwia to m\u0142odzie\u017cy dokonanie optymalnego wyboru dalszej drogi kszta\u0142cenia. &#8221; order_by=&#8221;sortorder&#8221; order_direction=&#8221;ASC&#8221; returns=&#8221;included&#8221; maximum_entity_count=&#8221;500&#8243;]<\/p>\n","protected":false},"author":2,"featured_media":0,"comment_status":"closed","ping_status":"open","sticky":false,"template":"","format":"standard","meta":{"ngg_post_thumbnail":0,"footnotes":""},"categories":[1],"tags":[],"class_list":["post-4687","post","type-post","status-publish","format-standard","hentry","category-bez-kategorii"],"_links":{"self":[{"href":"https:\/\/www.zssgorkabusko.pl\/index.php\/wp-json\/wp\/v2\/posts\/4687","targetHints":{"allow":["GET"]}}],"collection":[{"href":"https:\/\/www.zssgorkabusko.pl\/index.php\/wp-json\/wp\/v2\/posts"}],"about":[{"href":"https:\/\/www.zssgorkabusko.pl\/index.php\/wp-json\/wp\/v2\/types\/post"}],"author":[{"embeddable":true,"href":"https:\/\/www.zssgorkabusko.pl\/index.php\/wp-json\/wp\/v2\/users\/2"}],"replies":[{"embeddable":true,"href":"https:\/\/www.zssgorkabusko.pl\/index.php\/wp-json\/wp\/v2\/comments?post=4687"}],"version-history":[{"count":2,"href":"https:\/\/www.zssgorkabusko.pl\/index.php\/wp-json\/wp\/v2\/posts\/4687\/revisions"}],"predecessor-version":[{"id":4701,"href":"https:\/\/www.zssgorkabusko.pl\/index.php\/wp-json\/wp\/v2\/posts\/4687\/revisions\/4701"}],"wp:attachment":[{"href":"https:\/\/www.zssgorkabusko.pl\/index.php\/wp-json\/wp\/v2\/media?parent=4687"}],"wp:term":[{"taxonomy":"category","embeddable":true,"href":"https:\/\/www.zssgorkabusko.pl\/index.php\/wp-json\/wp\/v2\/categories?post=4687"},{"taxonomy":"post_tag","embeddable":true,"href":"https:\/\/www.zssgorkabusko.pl\/index.php\/wp-json\/wp\/v2\/tags?post=4687"}],"curies":[{"name":"wp","href":"https:\/\/api.w.org\/{rel}","templated":true}]}}