{"id":4702,"date":"2020-03-10T19:16:26","date_gmt":"2020-03-10T18:16:26","guid":{"rendered":"http:\/\/www.zssgorkabusko.pl\/?p=4702"},"modified":"2020-03-10T19:16:26","modified_gmt":"2020-03-10T18:16:26","slug":"narodowy-dzien-pamieci-zolnierzy-wykletych","status":"publish","type":"post","link":"https:\/\/www.zssgorkabusko.pl\/index.php\/2020\/03\/10\/narodowy-dzien-pamieci-zolnierzy-wykletych\/","title":{"rendered":"NARODOWY DZIE\u0143 PAMI\u0118CI ,,\u017bO\u0141NIERZY WYKL\u0118TYCH&#8221;"},"content":{"rendered":"<p>W dniu 2 marca w Zespole Szk\u00f3\u0142 Specjalnych w Busku-Zdroju, mia\u0142a miejsce uroczysto\u015b\u0107 po\u015bwi\u0119cona ,,\u017bo\u0142nierzom Niez\u0142omnym\u2019\u2019. Tragiczne losy walcz\u0105cych zosta\u0142y przedstawione<br \/>\nw prezentacji multimedialnej. Odby\u0142a si\u0119 r\u00f3wnie\u017c projekcja filmu ,,\u017bo\u0142nierze Wykl\u0119ci\u2019\u2019. S\u0142owa Artura Oppmana, sta\u0142y si\u0119 mottem tego szczeg\u00f3lnego dnia: ,,To co prze\u017cy\u0142o jedno pokolenie, drugie przeplata w&nbsp;sercu i&nbsp;pami\u0119ci. Dla tych, kt\u00f3rzy odeszli, dla tych, co zostaj\u0105. Wszystko splata si\u0119 w&nbsp;jedn\u0105 narodow\u0105 pami\u0119\u0107. Ona przesz\u0142o\u015bci i&nbsp;przysz\u0142o\u015bci si\u0119ga\u201d.<\/p>\nngg_shortcode_0_placeholder\n","protected":false},"excerpt":{"rendered":"<p>W dniu 2 marca w Zespole Szk\u00f3\u0142 Specjalnych w Busku-Zdroju, mia\u0142a miejsce uroczysto\u015b\u0107 po\u015bwi\u0119cona ,,\u017bo\u0142nierzom Niez\u0142omnym\u2019\u2019. Tragiczne losy walcz\u0105cych zosta\u0142y przedstawione w prezentacji multimedialnej. Odby\u0142a si\u0119 r\u00f3wnie\u017c projekcja filmu ,,\u017bo\u0142nierze Wykl\u0119ci\u2019\u2019. S\u0142owa Artura Oppmana, sta\u0142y si\u0119 mottem tego szczeg\u00f3lnego dnia: ,,To co prze\u017cy\u0142o jedno pokolenie, drugie przeplata w&nbsp;sercu i&nbsp;pami\u0119ci. Dla tych, kt\u00f3rzy odeszli, dla tych, &#8230; <a title=\"NARODOWY DZIE\u0143 PAMI\u0118CI ,,\u017bO\u0141NIERZY WYKL\u0118TYCH&#8221;\" class=\"read-more\" href=\"https:\/\/www.zssgorkabusko.pl\/index.php\/2020\/03\/10\/narodowy-dzien-pamieci-zolnierzy-wykletych\/\" aria-label=\"Dowiedz si\u0119 wi\u0119cej o NARODOWY DZIE\u0143 PAMI\u0118CI ,,\u017bO\u0141NIERZY WYKL\u0118TYCH&#8221;\">Dowiedz si\u0119 wi\u0119cej<\/a><\/p>\n","protected":false},"author":2,"featured_media":0,"comment_status":"closed","ping_status":"open","sticky":false,"template":"","format":"standard","meta":{"ngg_post_thumbnail":0,"footnotes":""},"categories":[1],"tags":[],"class_list":["post-4702","post","type-post","status-publish","format-standard","hentry","category-bez-kategorii"],"_links":{"self":[{"href":"https:\/\/www.zssgorkabusko.pl\/index.php\/wp-json\/wp\/v2\/posts\/4702","targetHints":{"allow":["GET"]}}],"collection":[{"href":"https:\/\/www.zssgorkabusko.pl\/index.php\/wp-json\/wp\/v2\/posts"}],"about":[{"href":"https:\/\/www.zssgorkabusko.pl\/index.php\/wp-json\/wp\/v2\/types\/post"}],"author":[{"embeddable":true,"href":"https:\/\/www.zssgorkabusko.pl\/index.php\/wp-json\/wp\/v2\/users\/2"}],"replies":[{"embeddable":true,"href":"https:\/\/www.zssgorkabusko.pl\/index.php\/wp-json\/wp\/v2\/comments?post=4702"}],"version-history":[{"count":3,"href":"https:\/\/www.zssgorkabusko.pl\/index.php\/wp-json\/wp\/v2\/posts\/4702\/revisions"}],"predecessor-version":[{"id":4715,"href":"https:\/\/www.zssgorkabusko.pl\/index.php\/wp-json\/wp\/v2\/posts\/4702\/revisions\/4715"}],"wp:attachment":[{"href":"https:\/\/www.zssgorkabusko.pl\/index.php\/wp-json\/wp\/v2\/media?parent=4702"}],"wp:term":[{"taxonomy":"category","embeddable":true,"href":"https:\/\/www.zssgorkabusko.pl\/index.php\/wp-json\/wp\/v2\/categories?post=4702"},{"taxonomy":"post_tag","embeddable":true,"href":"https:\/\/www.zssgorkabusko.pl\/index.php\/wp-json\/wp\/v2\/tags?post=4702"}],"curies":[{"name":"wp","href":"https:\/\/api.w.org\/{rel}","templated":true}]}}