{"id":4781,"date":"2020-10-14T18:26:37","date_gmt":"2020-10-14T16:26:37","guid":{"rendered":"http:\/\/www.zssgorkabusko.pl\/?p=4781"},"modified":"2020-10-15T20:26:41","modified_gmt":"2020-10-15T18:26:41","slug":"dzien-edukacji-narodowej-3","status":"publish","type":"post","link":"https:\/\/www.zssgorkabusko.pl\/index.php\/2020\/10\/14\/dzien-edukacji-narodowej-3\/","title":{"rendered":"DZIE\u0143 EDUKACJI NARODOWEJ"},"content":{"rendered":"<p><strong>Z okazji Dnia Edukacji Narodowej<\/strong><\/p>\n<p><strong>&#8211; \u015bwi\u0119ta wszystkich Nauczycieli i Pracownik\u00f3w O\u015bwiaty,<\/strong><\/p>\n<p><strong>bukiet \u017cycze\u0144 dzi\u015b sk\u0142adamy <\/strong><\/p>\n<p><strong>i dzi\u0119kujemy za trud w\u0142o\u017cony w nasz\u0105 edukacj\u0119.<\/strong><\/p>\n<p><strong>&nbsp; &nbsp; &nbsp; &nbsp; &nbsp; &nbsp; &nbsp; &nbsp; &nbsp; &nbsp; &nbsp; &nbsp; &nbsp; &nbsp; &nbsp; &nbsp; &nbsp; &nbsp; &nbsp; &nbsp; &nbsp; &nbsp; &nbsp; &nbsp; &nbsp; &nbsp; &nbsp; &nbsp; &nbsp; &nbsp;Uczniowie Zespo\u0142u Szk\u00f3\u0142 Specjalnych <\/strong><\/p>\n<div style=\"width: 480px;\" class=\"wp-video\"><!--[if lt IE 9]><script>document.createElement('video');<\/script><![endif]-->\n<video class=\"wp-video-shortcode\" id=\"video-4781-1\" width=\"480\" height=\"640\" preload=\"metadata\" controls=\"controls\"><source type=\"video\/mp4\" src=\"http:\/\/www.zssgorkabusko.pl\/wp-content\/uploads\/2020\/10\/video-1602660411.mp4?_=1\" \/><a href=\"http:\/\/www.zssgorkabusko.pl\/wp-content\/uploads\/2020\/10\/video-1602660411.mp4\">http:\/\/www.zssgorkabusko.pl\/wp-content\/uploads\/2020\/10\/video-1602660411.mp4<\/a><\/video><\/div>\n","protected":false},"excerpt":{"rendered":"<p>Z okazji Dnia Edukacji Narodowej &#8211; \u015bwi\u0119ta wszystkich Nauczycieli i Pracownik\u00f3w O\u015bwiaty, bukiet \u017cycze\u0144 dzi\u015b sk\u0142adamy i dzi\u0119kujemy za trud w\u0142o\u017cony w nasz\u0105 edukacj\u0119. &nbsp; &nbsp; &nbsp; &nbsp; &nbsp; &nbsp; &nbsp; &nbsp; &nbsp; &nbsp; &nbsp; &nbsp; &nbsp; &nbsp; &nbsp; &nbsp; &nbsp; &nbsp; &nbsp; &nbsp; &nbsp; &nbsp; &nbsp; &nbsp; &nbsp; &nbsp; &nbsp; &nbsp; &nbsp; &nbsp;Uczniowie Zespo\u0142u &#8230; <a title=\"DZIE\u0143 EDUKACJI NARODOWEJ\" class=\"read-more\" href=\"https:\/\/www.zssgorkabusko.pl\/index.php\/2020\/10\/14\/dzien-edukacji-narodowej-3\/\" aria-label=\"Dowiedz si\u0119 wi\u0119cej o DZIE\u0143 EDUKACJI NARODOWEJ\">Dowiedz si\u0119 wi\u0119cej<\/a><\/p>\n","protected":false},"author":2,"featured_media":0,"comment_status":"closed","ping_status":"open","sticky":false,"template":"","format":"standard","meta":{"ngg_post_thumbnail":0,"footnotes":""},"categories":[1],"tags":[],"class_list":["post-4781","post","type-post","status-publish","format-standard","hentry","category-bez-kategorii"],"_links":{"self":[{"href":"https:\/\/www.zssgorkabusko.pl\/index.php\/wp-json\/wp\/v2\/posts\/4781","targetHints":{"allow":["GET"]}}],"collection":[{"href":"https:\/\/www.zssgorkabusko.pl\/index.php\/wp-json\/wp\/v2\/posts"}],"about":[{"href":"https:\/\/www.zssgorkabusko.pl\/index.php\/wp-json\/wp\/v2\/types\/post"}],"author":[{"embeddable":true,"href":"https:\/\/www.zssgorkabusko.pl\/index.php\/wp-json\/wp\/v2\/users\/2"}],"replies":[{"embeddable":true,"href":"https:\/\/www.zssgorkabusko.pl\/index.php\/wp-json\/wp\/v2\/comments?post=4781"}],"version-history":[{"count":4,"href":"https:\/\/www.zssgorkabusko.pl\/index.php\/wp-json\/wp\/v2\/posts\/4781\/revisions"}],"predecessor-version":[{"id":4786,"href":"https:\/\/www.zssgorkabusko.pl\/index.php\/wp-json\/wp\/v2\/posts\/4781\/revisions\/4786"}],"wp:attachment":[{"href":"https:\/\/www.zssgorkabusko.pl\/index.php\/wp-json\/wp\/v2\/media?parent=4781"}],"wp:term":[{"taxonomy":"category","embeddable":true,"href":"https:\/\/www.zssgorkabusko.pl\/index.php\/wp-json\/wp\/v2\/categories?post=4781"},{"taxonomy":"post_tag","embeddable":true,"href":"https:\/\/www.zssgorkabusko.pl\/index.php\/wp-json\/wp\/v2\/tags?post=4781"}],"curies":[{"name":"wp","href":"https:\/\/api.w.org\/{rel}","templated":true}]}}