{"id":4788,"date":"2020-10-26T18:40:40","date_gmt":"2020-10-26T17:40:40","guid":{"rendered":"http:\/\/www.zssgorkabusko.pl\/?p=4788"},"modified":"2020-10-26T18:40:40","modified_gmt":"2020-10-26T17:40:40","slug":"szkola-pamieta-edycja-2020","status":"publish","type":"post","link":"https:\/\/www.zssgorkabusko.pl\/index.php\/2020\/10\/26\/szkola-pamieta-edycja-2020\/","title":{"rendered":"SZKO\u0141A PAMI\u0118TA &#8211; EDYCJA 2020"},"content":{"rendered":"<p><img loading=\"lazy\" decoding=\"async\" class=\"wp-image-4791 aligncenter\" src=\"http:\/\/www.zssgorkabusko.pl\/wp-content\/uploads\/2020\/10\/SzkolapamietaLOGOTYP-300x212.jpg\" alt=\"\" width=\"369\" height=\"261\" srcset=\"https:\/\/www.zssgorkabusko.pl\/wp-content\/uploads\/2020\/10\/SzkolapamietaLOGOTYP-300x212.jpg 300w, https:\/\/www.zssgorkabusko.pl\/wp-content\/uploads\/2020\/10\/SzkolapamietaLOGOTYP-768x543.jpg 768w, https:\/\/www.zssgorkabusko.pl\/wp-content\/uploads\/2020\/10\/SzkolapamietaLOGOTYP-1024x724.jpg 1024w\" sizes=\"auto, (max-width: 369px) 100vw, 369px\" \/><\/p>\n<p>\u201eSzko\u0142a pami\u0119ta\u201d to kontynuacja ubieg\u0142orocznej inicjatywy MEN, kt\u00f3ra cieszy\u0142a si\u0119 ogromnym zainteresowaniem w \u015brodowisku szkolnym. Uczniowie Zespo\u0142u Szk\u00f3\u0142 Specjalnych podobnie, jak w ubieg\u0142ym roku bior\u0105 w niej udzia\u0142. Celem akcji jest zwr\u00f3cenie uwagi m\u0142odych ludzi na potrzeb\u0119 piel\u0119gnowania pami\u0119ci o bohaterach naszej wolno\u015bci, szczeg\u00f3lnie tych, kt\u00f3rzy s\u0105 zwi\u0105zani z histori\u0105 danego miejsca, regionu, spo\u0142eczno\u015bci. Inicjatywa jest realizowana w okresie, w kt\u00f3rym w spos\u00f3b szczeg\u00f3lny wspominamy zar\u00f3wno naszych bliskich, jak i tych, kt\u00f3rzy zapisali si\u0119 w historii \u2013 tej og\u00f3lnonarodowej<br \/>\ni lokalnej. W ten spos\u00f3b akcja nawi\u0105zuje do polskiej tradycji \u015bwiat zadusznych.<br \/>\nW tym roku, ze wzgl\u0119du na pandemi\u0119 koronawirusa,&nbsp; dzia\u0142ania realizowane w ramach akcji b\u0119d\u0105 mia\u0142y charakter wirtualny b\u0105d\u017a multimedialny i by\u0142y realizowane w obr\u0119bie plac\u00f3wki.<\/p>\n<p>&nbsp;<\/p>\n","protected":false},"excerpt":{"rendered":"<p>\u201eSzko\u0142a pami\u0119ta\u201d to kontynuacja ubieg\u0142orocznej inicjatywy MEN, kt\u00f3ra cieszy\u0142a si\u0119 ogromnym zainteresowaniem w \u015brodowisku szkolnym. Uczniowie Zespo\u0142u Szk\u00f3\u0142 Specjalnych podobnie, jak w ubieg\u0142ym roku bior\u0105 w niej udzia\u0142. Celem akcji jest zwr\u00f3cenie uwagi m\u0142odych ludzi na potrzeb\u0119 piel\u0119gnowania pami\u0119ci o bohaterach naszej wolno\u015bci, szczeg\u00f3lnie tych, kt\u00f3rzy s\u0105 zwi\u0105zani z histori\u0105 danego miejsca, regionu, spo\u0142eczno\u015bci. Inicjatywa &#8230; <a title=\"SZKO\u0141A PAMI\u0118TA &#8211; EDYCJA 2020\" class=\"read-more\" href=\"https:\/\/www.zssgorkabusko.pl\/index.php\/2020\/10\/26\/szkola-pamieta-edycja-2020\/\" aria-label=\"Dowiedz si\u0119 wi\u0119cej o SZKO\u0141A PAMI\u0118TA &#8211; EDYCJA 2020\">Dowiedz si\u0119 wi\u0119cej<\/a><\/p>\n","protected":false},"author":2,"featured_media":0,"comment_status":"closed","ping_status":"open","sticky":false,"template":"","format":"standard","meta":{"ngg_post_thumbnail":0,"footnotes":""},"categories":[1],"tags":[],"class_list":["post-4788","post","type-post","status-publish","format-standard","hentry","category-bez-kategorii"],"_links":{"self":[{"href":"https:\/\/www.zssgorkabusko.pl\/index.php\/wp-json\/wp\/v2\/posts\/4788","targetHints":{"allow":["GET"]}}],"collection":[{"href":"https:\/\/www.zssgorkabusko.pl\/index.php\/wp-json\/wp\/v2\/posts"}],"about":[{"href":"https:\/\/www.zssgorkabusko.pl\/index.php\/wp-json\/wp\/v2\/types\/post"}],"author":[{"embeddable":true,"href":"https:\/\/www.zssgorkabusko.pl\/index.php\/wp-json\/wp\/v2\/users\/2"}],"replies":[{"embeddable":true,"href":"https:\/\/www.zssgorkabusko.pl\/index.php\/wp-json\/wp\/v2\/comments?post=4788"}],"version-history":[{"count":5,"href":"https:\/\/www.zssgorkabusko.pl\/index.php\/wp-json\/wp\/v2\/posts\/4788\/revisions"}],"predecessor-version":[{"id":4794,"href":"https:\/\/www.zssgorkabusko.pl\/index.php\/wp-json\/wp\/v2\/posts\/4788\/revisions\/4794"}],"wp:attachment":[{"href":"https:\/\/www.zssgorkabusko.pl\/index.php\/wp-json\/wp\/v2\/media?parent=4788"}],"wp:term":[{"taxonomy":"category","embeddable":true,"href":"https:\/\/www.zssgorkabusko.pl\/index.php\/wp-json\/wp\/v2\/categories?post=4788"},{"taxonomy":"post_tag","embeddable":true,"href":"https:\/\/www.zssgorkabusko.pl\/index.php\/wp-json\/wp\/v2\/tags?post=4788"}],"curies":[{"name":"wp","href":"https:\/\/api.w.org\/{rel}","templated":true}]}}