{"id":4795,"date":"2020-10-31T21:03:31","date_gmt":"2020-10-31T20:03:31","guid":{"rendered":"http:\/\/www.zssgorkabusko.pl\/?p=4795"},"modified":"2020-10-31T21:03:31","modified_gmt":"2020-10-31T20:03:31","slug":"szkola-pamieta-2","status":"publish","type":"post","link":"https:\/\/www.zssgorkabusko.pl\/index.php\/2020\/10\/31\/szkola-pamieta-2\/","title":{"rendered":"#SZKO\u0141A PAMI\u0118TA"},"content":{"rendered":"<p style=\"text-align: left;\">Zesp\u00f3\u0142 Szk\u00f3\u0142 Specjalnych w Busku- Zdroju po raz kolejny w\u0142\u0105czy\u0142 si\u0119 w akcj\u0119 Ministerstwa Edukacji Narodowej \u201eSzko\u0142a pami\u0119ta\u201d.<\/p>\n<p style=\"text-align: left;\">Celem inicjatywy jest zwr\u00f3cenie uwagi m\u0142odych ludzi na potrzeb\u0119 upami\u0119tniania, piel\u0119gnowania pami\u0119ci o wa\u017cnych postaciach zwi\u0105zanych z histori\u0105 danego miejsca, regionu w zwi\u0105zku ze zbli\u017caj\u0105cymi si\u0119 dniami, w kt\u00f3rych w szczeg\u00f3lny spos\u00f3b pami\u0119tamy<br \/>\no zmar\u0142ych.<br \/>\nW tym trudnym roku 2020 z powodu epidemii akcja mia\u0142a nieco inny wymiar. Uczniowie, kt\u00f3rzy z racji obostrze\u0144 sanitarnych nie mog\u0105 opuszcza\u0107 Specjalistycznego Szpitala Ortopedyczno-Rehabilitacyjnego&nbsp; \u201eG\u00f3rka\u201d, wykonali prace plastyczne tematycznie zwi\u0105zane ze \u015awi\u0119tem Zmar\u0142ych. Natomiast nauczyciele Zespo\u0142u Szk\u00f3l Specjalnych w Busku- Zdroju wraz z dyrektorem Justyn\u0105 Kwiatkowsk\u0105, dyrektorem Szpitala Markiem Arabskim odwiedzili gr\u00f3b dr Szymona Starkiewicza, za\u0142o\u017cyciela szpitala. Wsp\u00f3lnie posprz\u0105tano grobowiec, zapalono znicze i z\u0142o\u017cono okoliczno\u015bciow\u0105 wi\u0105zank\u0119. Pami\u0119\u0107 o nim jest wyrazem szacunku dla jego zas\u0142ug, kt\u00f3re nierozerwalnie \u0142\u0105cz\u0105 si\u0119 z histori\u0105 szko\u0142y i Buska.&nbsp;<\/p>\n<p>&nbsp;&nbsp;&nbsp;&nbsp;&nbsp;&nbsp;&nbsp;&nbsp;&nbsp;&nbsp;&nbsp;&nbsp;&nbsp;&nbsp;&nbsp;&nbsp;&nbsp;&nbsp;&nbsp;&nbsp;&nbsp;&nbsp;&nbsp;&nbsp;&nbsp;&nbsp;&nbsp;&nbsp;&nbsp;&nbsp;&nbsp;&nbsp;&nbsp;&nbsp;&nbsp;&nbsp;&nbsp;&nbsp;&nbsp;&nbsp;&nbsp;&nbsp;&nbsp;&nbsp;&nbsp;&nbsp;&nbsp;&nbsp;&nbsp;&nbsp;&nbsp;&nbsp;&nbsp;&nbsp;&nbsp;&nbsp;&nbsp;&nbsp;&nbsp;&nbsp;&nbsp;&nbsp;&nbsp;&nbsp;&nbsp;&nbsp;&nbsp;&nbsp;&nbsp;&nbsp;&nbsp;&nbsp;&nbsp;&nbsp;&nbsp;&nbsp;&nbsp;&nbsp;&nbsp;&nbsp;&nbsp;&nbsp;&nbsp;&nbsp;&nbsp;&nbsp;&nbsp;&nbsp;&nbsp;&nbsp;&nbsp;&nbsp;&nbsp;&nbsp;&nbsp;&nbsp;&nbsp;&nbsp;&nbsp;&nbsp;&nbsp;&nbsp;&nbsp;&nbsp;&nbsp;&nbsp;&nbsp;&nbsp;&nbsp;&nbsp;&nbsp;&nbsp; Opracowa\u0142a Ewa Tomala<\/p>\nngg_shortcode_0_placeholder\n","protected":false},"excerpt":{"rendered":"<p>Zesp\u00f3\u0142 Szk\u00f3\u0142 Specjalnych w Busku- Zdroju po raz kolejny w\u0142\u0105czy\u0142 si\u0119 w akcj\u0119 Ministerstwa Edukacji Narodowej \u201eSzko\u0142a pami\u0119ta\u201d. Celem inicjatywy jest zwr\u00f3cenie uwagi m\u0142odych ludzi na potrzeb\u0119 upami\u0119tniania, piel\u0119gnowania pami\u0119ci o wa\u017cnych postaciach zwi\u0105zanych z histori\u0105 danego miejsca, regionu w zwi\u0105zku ze zbli\u017caj\u0105cymi si\u0119 dniami, w kt\u00f3rych w szczeg\u00f3lny spos\u00f3b pami\u0119tamy o zmar\u0142ych. W tym &#8230; <a title=\"#SZKO\u0141A PAMI\u0118TA\" class=\"read-more\" href=\"https:\/\/www.zssgorkabusko.pl\/index.php\/2020\/10\/31\/szkola-pamieta-2\/\" aria-label=\"Dowiedz si\u0119 wi\u0119cej o #SZKO\u0141A PAMI\u0118TA\">Dowiedz si\u0119 wi\u0119cej<\/a><\/p>\n","protected":false},"author":2,"featured_media":0,"comment_status":"closed","ping_status":"open","sticky":false,"template":"","format":"standard","meta":{"ngg_post_thumbnail":0,"footnotes":""},"categories":[1],"tags":[],"class_list":["post-4795","post","type-post","status-publish","format-standard","hentry","category-bez-kategorii"],"_links":{"self":[{"href":"https:\/\/www.zssgorkabusko.pl\/index.php\/wp-json\/wp\/v2\/posts\/4795","targetHints":{"allow":["GET"]}}],"collection":[{"href":"https:\/\/www.zssgorkabusko.pl\/index.php\/wp-json\/wp\/v2\/posts"}],"about":[{"href":"https:\/\/www.zssgorkabusko.pl\/index.php\/wp-json\/wp\/v2\/types\/post"}],"author":[{"embeddable":true,"href":"https:\/\/www.zssgorkabusko.pl\/index.php\/wp-json\/wp\/v2\/users\/2"}],"replies":[{"embeddable":true,"href":"https:\/\/www.zssgorkabusko.pl\/index.php\/wp-json\/wp\/v2\/comments?post=4795"}],"version-history":[{"count":4,"href":"https:\/\/www.zssgorkabusko.pl\/index.php\/wp-json\/wp\/v2\/posts\/4795\/revisions"}],"predecessor-version":[{"id":4810,"href":"https:\/\/www.zssgorkabusko.pl\/index.php\/wp-json\/wp\/v2\/posts\/4795\/revisions\/4810"}],"wp:attachment":[{"href":"https:\/\/www.zssgorkabusko.pl\/index.php\/wp-json\/wp\/v2\/media?parent=4795"}],"wp:term":[{"taxonomy":"category","embeddable":true,"href":"https:\/\/www.zssgorkabusko.pl\/index.php\/wp-json\/wp\/v2\/categories?post=4795"},{"taxonomy":"post_tag","embeddable":true,"href":"https:\/\/www.zssgorkabusko.pl\/index.php\/wp-json\/wp\/v2\/tags?post=4795"}],"curies":[{"name":"wp","href":"https:\/\/api.w.org\/{rel}","templated":true}]}}