{"id":4955,"date":"2021-03-28T12:02:37","date_gmt":"2021-03-28T10:02:37","guid":{"rendered":"http:\/\/www.zssgorkabusko.pl\/?p=4955"},"modified":"2021-03-28T12:02:37","modified_gmt":"2021-03-28T10:02:37","slug":"wielkanocnw-palmy","status":"publish","type":"post","link":"https:\/\/www.zssgorkabusko.pl\/index.php\/2021\/03\/28\/wielkanocnw-palmy\/","title":{"rendered":"WIELKANOCNW PALMY"},"content":{"rendered":"<p>Wielkanocne palmy to symbol Niedzieli Palmowej i zbli\u017caj\u0105cych si\u0119 \u015bwi\u0105t. W Polsce znany jest od \u015bredniowiecza.<br \/>\nW zwi\u0105zku z tym wychowankowie grup bardzo aktywnie wzi\u0119li udzia\u0142 we w\u0142asnor\u0119cznym wykonaniu ,,wielkanocnej palmy\u201d.<br \/>\nCelem zaj\u0119\u0107 by\u0142o popularyzowanie i kultywowanie tradycji zwi\u0105zanych ze \u015awi\u0119tami Wielkanocnymi oraz rozbudzanie inwencji tw\u00f3rczej i kreatywno\u015bci, jak r\u00f3wnie\u017c przekazanie warto\u015bci i tradycji ludowej.<br \/>\nWszystkie palmy zosta\u0142y zrobione r\u0119cznie z u\u017cyciem przepi\u0119knych, kolorowych kwiat\u00f3w<br \/>\nz bibu\u0142y.<\/p>\n<p>Organizatorzy: I. Klepka, E. Tomala, D. Papaj<\/p>\n<p><img loading=\"lazy\" decoding=\"async\" class=\"aligncenter wp-image-4957\" src=\"http:\/\/www.zssgorkabusko.pl\/wp-content\/uploads\/2021\/03\/165007668_190174412647470_2970694662593685232_n-159x300.jpg\" alt=\"\" width=\"247\" height=\"466\" srcset=\"https:\/\/www.zssgorkabusko.pl\/wp-content\/uploads\/2021\/03\/165007668_190174412647470_2970694662593685232_n-159x300.jpg 159w, https:\/\/www.zssgorkabusko.pl\/wp-content\/uploads\/2021\/03\/165007668_190174412647470_2970694662593685232_n-768x1448.jpg 768w, https:\/\/www.zssgorkabusko.pl\/wp-content\/uploads\/2021\/03\/165007668_190174412647470_2970694662593685232_n-543x1024.jpg 543w, https:\/\/www.zssgorkabusko.pl\/wp-content\/uploads\/2021\/03\/165007668_190174412647470_2970694662593685232_n.jpg 1068w\" sizes=\"auto, (max-width: 247px) 100vw, 247px\" \/><\/p>\n","protected":false},"excerpt":{"rendered":"<p>Wielkanocne palmy to symbol Niedzieli Palmowej i zbli\u017caj\u0105cych si\u0119 \u015bwi\u0105t. W Polsce znany jest od \u015bredniowiecza. W zwi\u0105zku z tym wychowankowie grup bardzo aktywnie wzi\u0119li udzia\u0142 we w\u0142asnor\u0119cznym wykonaniu ,,wielkanocnej palmy\u201d. Celem zaj\u0119\u0107 by\u0142o popularyzowanie i kultywowanie tradycji zwi\u0105zanych ze \u015awi\u0119tami Wielkanocnymi oraz rozbudzanie inwencji tw\u00f3rczej i kreatywno\u015bci, jak r\u00f3wnie\u017c przekazanie warto\u015bci i tradycji ludowej. &#8230; <a title=\"WIELKANOCNW PALMY\" class=\"read-more\" href=\"https:\/\/www.zssgorkabusko.pl\/index.php\/2021\/03\/28\/wielkanocnw-palmy\/\" aria-label=\"Dowiedz si\u0119 wi\u0119cej o WIELKANOCNW PALMY\">Dowiedz si\u0119 wi\u0119cej<\/a><\/p>\n","protected":false},"author":2,"featured_media":0,"comment_status":"closed","ping_status":"open","sticky":false,"template":"","format":"standard","meta":{"ngg_post_thumbnail":0,"footnotes":""},"categories":[1],"tags":[],"class_list":["post-4955","post","type-post","status-publish","format-standard","hentry","category-bez-kategorii"],"_links":{"self":[{"href":"https:\/\/www.zssgorkabusko.pl\/index.php\/wp-json\/wp\/v2\/posts\/4955","targetHints":{"allow":["GET"]}}],"collection":[{"href":"https:\/\/www.zssgorkabusko.pl\/index.php\/wp-json\/wp\/v2\/posts"}],"about":[{"href":"https:\/\/www.zssgorkabusko.pl\/index.php\/wp-json\/wp\/v2\/types\/post"}],"author":[{"embeddable":true,"href":"https:\/\/www.zssgorkabusko.pl\/index.php\/wp-json\/wp\/v2\/users\/2"}],"replies":[{"embeddable":true,"href":"https:\/\/www.zssgorkabusko.pl\/index.php\/wp-json\/wp\/v2\/comments?post=4955"}],"version-history":[{"count":4,"href":"https:\/\/www.zssgorkabusko.pl\/index.php\/wp-json\/wp\/v2\/posts\/4955\/revisions"}],"predecessor-version":[{"id":4960,"href":"https:\/\/www.zssgorkabusko.pl\/index.php\/wp-json\/wp\/v2\/posts\/4955\/revisions\/4960"}],"wp:attachment":[{"href":"https:\/\/www.zssgorkabusko.pl\/index.php\/wp-json\/wp\/v2\/media?parent=4955"}],"wp:term":[{"taxonomy":"category","embeddable":true,"href":"https:\/\/www.zssgorkabusko.pl\/index.php\/wp-json\/wp\/v2\/categories?post=4955"},{"taxonomy":"post_tag","embeddable":true,"href":"https:\/\/www.zssgorkabusko.pl\/index.php\/wp-json\/wp\/v2\/tags?post=4955"}],"curies":[{"name":"wp","href":"https:\/\/api.w.org\/{rel}","templated":true}]}}