{"id":4970,"date":"2021-04-01T18:18:21","date_gmt":"2021-04-01T16:18:21","guid":{"rendered":"http:\/\/www.zssgorkabusko.pl\/?p=4970"},"modified":"2021-04-02T11:00:58","modified_gmt":"2021-04-02T09:00:58","slug":"zyczenia-swiateczne","status":"publish","type":"post","link":"https:\/\/www.zssgorkabusko.pl\/index.php\/2021\/04\/01\/zyczenia-swiateczne\/","title":{"rendered":"\u017bYCZENIA \u015aWI\u0104TECZNE"},"content":{"rendered":"<p style=\"text-align: center;\"><span style=\"font-size: 14pt; color: #000000;\"><strong><em>\u017byczymy, aby nadchodz\u0105ce<br \/>\n\u015awi\u0119ta Wielkanocne<br \/>\nnape\u0142ni\u0142y wasze serca rado\u015bci\u0105 i nadziej\u0105,<br \/>\na chwile sp\u0119dzone w gronie najbli\u017cszych<br \/>\ndodawa\u0142y otuchy i pozwala\u0142y przezwyci\u0119\u017cy\u0107<br \/>\nwszystkie trudno\u015bci.<\/em><\/strong><\/span><\/p>\n<p style=\"text-align: center;\"><span style=\"font-size: 14pt; color: #000000;\"><strong><em>Dyrektor, Grono Pedagogiczne oraz Uczniowie<br \/>\nZespo\u0142u Szk\u00f3\u0142 Specjalnych<br \/>\nw Busku -Zdroju<\/em><\/strong><\/span><\/p>\n<p>&nbsp;<\/p>\n<p><img loading=\"lazy\" decoding=\"async\" class=\" wp-image-4980 aligncenter\" src=\"http:\/\/www.zssgorkabusko.pl\/wp-content\/uploads\/2021\/04\/jaja-300x183.jpg\" alt=\"\" width=\"381\" height=\"233\" srcset=\"https:\/\/www.zssgorkabusko.pl\/wp-content\/uploads\/2021\/04\/jaja-300x183.jpg 300w, https:\/\/www.zssgorkabusko.pl\/wp-content\/uploads\/2021\/04\/jaja-768x468.jpg 768w, https:\/\/www.zssgorkabusko.pl\/wp-content\/uploads\/2021\/04\/jaja-1024x624.jpg 1024w, https:\/\/www.zssgorkabusko.pl\/wp-content\/uploads\/2021\/04\/jaja.jpg 1050w\" sizes=\"auto, (max-width: 381px) 100vw, 381px\" \/><\/p>\n","protected":false},"excerpt":{"rendered":"<p>\u017byczymy, aby nadchodz\u0105ce \u015awi\u0119ta Wielkanocne nape\u0142ni\u0142y wasze serca rado\u015bci\u0105 i nadziej\u0105, a chwile sp\u0119dzone w gronie najbli\u017cszych dodawa\u0142y otuchy i pozwala\u0142y przezwyci\u0119\u017cy\u0107 wszystkie trudno\u015bci. Dyrektor, Grono Pedagogiczne oraz Uczniowie Zespo\u0142u Szk\u00f3\u0142 Specjalnych w Busku -Zdroju &nbsp;<\/p>\n","protected":false},"author":2,"featured_media":0,"comment_status":"closed","ping_status":"open","sticky":false,"template":"","format":"standard","meta":{"ngg_post_thumbnail":0,"footnotes":""},"categories":[1],"tags":[],"class_list":["post-4970","post","type-post","status-publish","format-standard","hentry","category-bez-kategorii"],"_links":{"self":[{"href":"https:\/\/www.zssgorkabusko.pl\/index.php\/wp-json\/wp\/v2\/posts\/4970","targetHints":{"allow":["GET"]}}],"collection":[{"href":"https:\/\/www.zssgorkabusko.pl\/index.php\/wp-json\/wp\/v2\/posts"}],"about":[{"href":"https:\/\/www.zssgorkabusko.pl\/index.php\/wp-json\/wp\/v2\/types\/post"}],"author":[{"embeddable":true,"href":"https:\/\/www.zssgorkabusko.pl\/index.php\/wp-json\/wp\/v2\/users\/2"}],"replies":[{"embeddable":true,"href":"https:\/\/www.zssgorkabusko.pl\/index.php\/wp-json\/wp\/v2\/comments?post=4970"}],"version-history":[{"count":11,"href":"https:\/\/www.zssgorkabusko.pl\/index.php\/wp-json\/wp\/v2\/posts\/4970\/revisions"}],"predecessor-version":[{"id":4981,"href":"https:\/\/www.zssgorkabusko.pl\/index.php\/wp-json\/wp\/v2\/posts\/4970\/revisions\/4981"}],"wp:attachment":[{"href":"https:\/\/www.zssgorkabusko.pl\/index.php\/wp-json\/wp\/v2\/media?parent=4970"}],"wp:term":[{"taxonomy":"category","embeddable":true,"href":"https:\/\/www.zssgorkabusko.pl\/index.php\/wp-json\/wp\/v2\/categories?post=4970"},{"taxonomy":"post_tag","embeddable":true,"href":"https:\/\/www.zssgorkabusko.pl\/index.php\/wp-json\/wp\/v2\/tags?post=4970"}],"curies":[{"name":"wp","href":"https:\/\/api.w.org\/{rel}","templated":true}]}}