{"id":5201,"date":"2021-05-22T17:29:46","date_gmt":"2021-05-22T15:29:46","guid":{"rendered":"http:\/\/www.zssgorkabusko.pl\/?p=5201"},"modified":"2021-05-22T17:29:46","modified_gmt":"2021-05-22T15:29:46","slug":"wiosna-w-poezji","status":"publish","type":"post","link":"https:\/\/www.zssgorkabusko.pl\/index.php\/2021\/05\/22\/wiosna-w-poezji\/","title":{"rendered":"WIOSNA W POEZJI"},"content":{"rendered":"\n<p>20 maja 2021 w Zespole Szk\u00f3\u0142 Specjalnych odby\u0142 si\u0119 konkurs recytatorskich dla du\u017cych i ma\u0142ych. M\u0142odsze dzieci recytowa\u0142y wiersze kategorii MOJEJ MAMIE, a starsze prezentowa\u0142y utwory <br>pod wsp\u00f3ln\u0105 nazw\u0105 WIOSNA W POEZJI. Laureaci i uczestnicy otrzymali dyplomy oraz drobne upominki. Najm\u0142odszym uczestnikiem by\u0142 Maciu\u015b, kt\u00f3ry w swojej grupie wiekowej zdoby\u0142 <br>I miejsce.<\/p>\n\n\n\n<div class=\"wp-block-image is-style-longdesc\"><figure class=\"aligncenter size-large\"><img loading=\"lazy\" decoding=\"async\" width=\"478\" height=\"640\" src=\"http:\/\/www.zssgorkabusko.pl\/wp-content\/uploads\/2021\/05\/186477934_313306227062714_5530296913442818904_n.jpg\" alt=\"\" class=\"wp-image-5205\" srcset=\"https:\/\/www.zssgorkabusko.pl\/wp-content\/uploads\/2021\/05\/186477934_313306227062714_5530296913442818904_n.jpg 478w, https:\/\/www.zssgorkabusko.pl\/wp-content\/uploads\/2021\/05\/186477934_313306227062714_5530296913442818904_n-224x300.jpg 224w\" sizes=\"auto, (max-width: 478px) 100vw, 478px\" \/><\/figure><\/div>\n\n\n\n<div class=\"wp-block-image\"><figure class=\"aligncenter size-large\"><img decoding=\"async\" src=\"http:\/\/www.zssgorkabusko.pl\/wp-content\/uploads\/2021\/05\/185480451_179633113952137_7111646163725274711_n.jpg\" alt=\"\" class=\"wp-image-5204\"\/><\/figure><\/div>\n","protected":false},"excerpt":{"rendered":"<p>20 maja 2021 w Zespole Szk\u00f3\u0142 Specjalnych odby\u0142 si\u0119 konkurs recytatorskich dla du\u017cych i ma\u0142ych. M\u0142odsze dzieci recytowa\u0142y wiersze kategorii MOJEJ MAMIE, a starsze prezentowa\u0142y utwory pod wsp\u00f3ln\u0105 nazw\u0105 WIOSNA W POEZJI. Laureaci i uczestnicy otrzymali dyplomy oraz drobne upominki. Najm\u0142odszym uczestnikiem by\u0142 Maciu\u015b, kt\u00f3ry w swojej grupie wiekowej zdoby\u0142 I miejsce.<\/p>\n","protected":false},"author":2,"featured_media":0,"comment_status":"closed","ping_status":"open","sticky":false,"template":"","format":"standard","meta":{"ngg_post_thumbnail":0,"footnotes":""},"categories":[1],"tags":[],"class_list":["post-5201","post","type-post","status-publish","format-standard","hentry","category-bez-kategorii"],"_links":{"self":[{"href":"https:\/\/www.zssgorkabusko.pl\/index.php\/wp-json\/wp\/v2\/posts\/5201","targetHints":{"allow":["GET"]}}],"collection":[{"href":"https:\/\/www.zssgorkabusko.pl\/index.php\/wp-json\/wp\/v2\/posts"}],"about":[{"href":"https:\/\/www.zssgorkabusko.pl\/index.php\/wp-json\/wp\/v2\/types\/post"}],"author":[{"embeddable":true,"href":"https:\/\/www.zssgorkabusko.pl\/index.php\/wp-json\/wp\/v2\/users\/2"}],"replies":[{"embeddable":true,"href":"https:\/\/www.zssgorkabusko.pl\/index.php\/wp-json\/wp\/v2\/comments?post=5201"}],"version-history":[{"count":3,"href":"https:\/\/www.zssgorkabusko.pl\/index.php\/wp-json\/wp\/v2\/posts\/5201\/revisions"}],"predecessor-version":[{"id":5206,"href":"https:\/\/www.zssgorkabusko.pl\/index.php\/wp-json\/wp\/v2\/posts\/5201\/revisions\/5206"}],"wp:attachment":[{"href":"https:\/\/www.zssgorkabusko.pl\/index.php\/wp-json\/wp\/v2\/media?parent=5201"}],"wp:term":[{"taxonomy":"category","embeddable":true,"href":"https:\/\/www.zssgorkabusko.pl\/index.php\/wp-json\/wp\/v2\/categories?post=5201"},{"taxonomy":"post_tag","embeddable":true,"href":"https:\/\/www.zssgorkabusko.pl\/index.php\/wp-json\/wp\/v2\/tags?post=5201"}],"curies":[{"name":"wp","href":"https:\/\/api.w.org\/{rel}","templated":true}]}}