{"id":5230,"date":"2021-06-03T17:10:57","date_gmt":"2021-06-03T15:10:57","guid":{"rendered":"http:\/\/www.zssgorkabusko.pl\/?p=5230"},"modified":"2021-06-03T17:10:58","modified_gmt":"2021-06-03T15:10:58","slug":"90-lat-minelo","status":"publish","type":"post","link":"https:\/\/www.zssgorkabusko.pl\/index.php\/2021\/06\/03\/90-lat-minelo\/","title":{"rendered":"90 LAT MIN\u0118\u0141O"},"content":{"rendered":"\n<p>W roku szkolnym 2020\/2021 mija 90 lat funkcjonowania Zespo\u0142u Szk\u00f3\u0142 Specjalnych <br>w Busku &#8211; Zdroju. Z tej okazji uczniowie w ramach zaj\u0119\u0107 pozalekcyjnych zapoznawali si\u0119 <br>z histori\u0105 Szpitala ,,G\u00f3rka\u201d i szko\u0142y, kt\u00f3ra jest jego nierozerwaln\u0105 cz\u0119\u015bci\u0105.<br>Nauczyciele zorganizowali cykl zaj\u0119\u0107 po\u015bwi\u0119cony historii szko\u0142y.\u00a0 W czasie ich trwania uczniowie czytali fragmenty pami\u0119tnik\u00f3w \u201eCzyn nie \u0141za\u201d, \u201eG\u00f3rka kolonia lecznica dzieci\u0119ca <br>w Busku \u2013 Zdroju\u201d, przegl\u0105dali stare zdj\u0119cia, Kroniki Szko\u0142y i Dru\u017cyny Harcerskiej.<br>Zwie\u0144czeniem cyklu zaj\u0119\u0107 by\u0142 konkurs wiedzy o szkole i konkurs plastyczny ,,Moja G\u00f3rka\u201d. Wszyscy uczestnicy wykazali si\u0119 du\u017c\u0105 wiedz\u0105, kreatywno\u015bci\u0105 i zaanga\u017cowaniem.<br>Rok jubileuszowy przypad\u0142 niestety na czas pandemii, wi\u0119c jego obchody maj\u0105 bardzo kameralny charakter. Jednak wystawa prac plastycznych uczni\u00f3w na oddziale III przypomina wszystkim <br>o wa\u017cnym \u015bwi\u0119cie Zespo\u0142u Szk\u00f3\u0142 Specjalnych.<\/p>\n\n\n\n<p>Organizatorzy\/foto: D. J\u00f3zefiak, I. Klepka<\/p>\n\n\n\n<figure class=\"wp-block-gallery columns-2 is-cropped wp-block-gallery-1 is-layout-flex wp-block-gallery-is-layout-flex\"><ul class=\"blocks-gallery-grid\"><li class=\"blocks-gallery-item\"><figure><img decoding=\"async\" src=\"http:\/\/www.zssgorkabusko.pl\/wp-content\/uploads\/2021\/06\/1622224454669.jpg\" alt=\"\" data-id=\"5238\" data-full-url=\"http:\/\/www.zssgorkabusko.pl\/wp-content\/uploads\/2021\/06\/1622224454669.jpg\" data-link=\"http:\/\/www.zssgorkabusko.pl\/?attachment_id=5238#main\" class=\"wp-image-5238\"\/><\/figure><\/li><li class=\"blocks-gallery-item\"><figure><img decoding=\"async\" src=\"http:\/\/www.zssgorkabusko.pl\/wp-content\/uploads\/2021\/06\/1622193993617.jpg\" alt=\"\" data-id=\"5236\" data-full-url=\"http:\/\/www.zssgorkabusko.pl\/wp-content\/uploads\/2021\/06\/1622193993617.jpg\" data-link=\"http:\/\/www.zssgorkabusko.pl\/?attachment_id=5236#main\" class=\"wp-image-5236\"\/><\/figure><\/li><li class=\"blocks-gallery-item\"><figure><img loading=\"lazy\" decoding=\"async\" width=\"636\" height=\"480\" src=\"http:\/\/www.zssgorkabusko.pl\/wp-content\/uploads\/2021\/06\/1622194550861aaa.jpg\" alt=\"\" data-id=\"5237\" data-full-url=\"http:\/\/www.zssgorkabusko.pl\/wp-content\/uploads\/2021\/06\/1622194550861aaa.jpg\" data-link=\"http:\/\/www.zssgorkabusko.pl\/?attachment_id=5237#main\" class=\"wp-image-5237\" srcset=\"https:\/\/www.zssgorkabusko.pl\/wp-content\/uploads\/2021\/06\/1622194550861aaa.jpg 636w, https:\/\/www.zssgorkabusko.pl\/wp-content\/uploads\/2021\/06\/1622194550861aaa-300x226.jpg 300w\" sizes=\"auto, (max-width: 636px) 100vw, 636px\" \/><\/figure><\/li><li class=\"blocks-gallery-item\"><figure><img loading=\"lazy\" decoding=\"async\" width=\"640\" height=\"355\" src=\"http:\/\/www.zssgorkabusko.pl\/wp-content\/uploads\/2021\/06\/1622115598432.jpg\" alt=\"\" data-id=\"5235\" data-full-url=\"http:\/\/www.zssgorkabusko.pl\/wp-content\/uploads\/2021\/06\/1622115598432.jpg\" data-link=\"http:\/\/www.zssgorkabusko.pl\/?attachment_id=5235#main\" class=\"wp-image-5235\" srcset=\"https:\/\/www.zssgorkabusko.pl\/wp-content\/uploads\/2021\/06\/1622115598432.jpg 640w, https:\/\/www.zssgorkabusko.pl\/wp-content\/uploads\/2021\/06\/1622115598432-300x166.jpg 300w\" sizes=\"auto, (max-width: 640px) 100vw, 640px\" \/><\/figure><\/li><\/ul><\/figure>\n","protected":false},"excerpt":{"rendered":"<p>W roku szkolnym 2020\/2021 mija 90 lat funkcjonowania Zespo\u0142u Szk\u00f3\u0142 Specjalnych w Busku &#8211; Zdroju. Z tej okazji uczniowie w ramach zaj\u0119\u0107 pozalekcyjnych zapoznawali si\u0119 z histori\u0105 Szpitala ,,G\u00f3rka\u201d i szko\u0142y, kt\u00f3ra jest jego nierozerwaln\u0105 cz\u0119\u015bci\u0105.Nauczyciele zorganizowali cykl zaj\u0119\u0107 po\u015bwi\u0119cony historii szko\u0142y.\u00a0 W czasie ich trwania uczniowie czytali fragmenty pami\u0119tnik\u00f3w \u201eCzyn nie \u0141za\u201d, \u201eG\u00f3rka kolonia &#8230; <a title=\"90 LAT MIN\u0118\u0141O\" class=\"read-more\" href=\"https:\/\/www.zssgorkabusko.pl\/index.php\/2021\/06\/03\/90-lat-minelo\/\" aria-label=\"Dowiedz si\u0119 wi\u0119cej o 90 LAT MIN\u0118\u0141O\">Dowiedz si\u0119 wi\u0119cej<\/a><\/p>\n","protected":false},"author":2,"featured_media":0,"comment_status":"closed","ping_status":"open","sticky":false,"template":"","format":"standard","meta":{"ngg_post_thumbnail":0,"footnotes":""},"categories":[1],"tags":[],"class_list":["post-5230","post","type-post","status-publish","format-standard","hentry","category-bez-kategorii"],"_links":{"self":[{"href":"https:\/\/www.zssgorkabusko.pl\/index.php\/wp-json\/wp\/v2\/posts\/5230","targetHints":{"allow":["GET"]}}],"collection":[{"href":"https:\/\/www.zssgorkabusko.pl\/index.php\/wp-json\/wp\/v2\/posts"}],"about":[{"href":"https:\/\/www.zssgorkabusko.pl\/index.php\/wp-json\/wp\/v2\/types\/post"}],"author":[{"embeddable":true,"href":"https:\/\/www.zssgorkabusko.pl\/index.php\/wp-json\/wp\/v2\/users\/2"}],"replies":[{"embeddable":true,"href":"https:\/\/www.zssgorkabusko.pl\/index.php\/wp-json\/wp\/v2\/comments?post=5230"}],"version-history":[{"count":7,"href":"https:\/\/www.zssgorkabusko.pl\/index.php\/wp-json\/wp\/v2\/posts\/5230\/revisions"}],"predecessor-version":[{"id":5241,"href":"https:\/\/www.zssgorkabusko.pl\/index.php\/wp-json\/wp\/v2\/posts\/5230\/revisions\/5241"}],"wp:attachment":[{"href":"https:\/\/www.zssgorkabusko.pl\/index.php\/wp-json\/wp\/v2\/media?parent=5230"}],"wp:term":[{"taxonomy":"category","embeddable":true,"href":"https:\/\/www.zssgorkabusko.pl\/index.php\/wp-json\/wp\/v2\/categories?post=5230"},{"taxonomy":"post_tag","embeddable":true,"href":"https:\/\/www.zssgorkabusko.pl\/index.php\/wp-json\/wp\/v2\/tags?post=5230"}],"curies":[{"name":"wp","href":"https:\/\/api.w.org\/{rel}","templated":true}]}}