{"id":5242,"date":"2021-06-03T17:47:54","date_gmt":"2021-06-03T15:47:54","guid":{"rendered":"http:\/\/www.zssgorkabusko.pl\/?p=5242"},"modified":"2021-06-03T17:47:55","modified_gmt":"2021-06-03T15:47:55","slug":"dzien-dziecka-3","status":"publish","type":"post","link":"https:\/\/www.zssgorkabusko.pl\/index.php\/2021\/06\/03\/dzien-dziecka-3\/","title":{"rendered":"DZIE\u0143 DZIECKA"},"content":{"rendered":"\n<p>W dniu 01.06.2021r. uczniowie Zespo\u0142u Szk\u00f3\u0142 Specjalnych w Busku \u2013Zdroju uczestniczyli <br>w zabawie zorganizowanej z okazji Dnia Dziecka. Oficjalnego otwarcia imprezy dokona\u0142a <br>pani dyrektor Justyna Kwiatkowska, kt\u00f3ra powita\u0142a przyby\u0142ych go\u015bci : prezesa Uzdrowiska <br>Busko-Zdr\u00f3j \u2013 Micha\u0142a P\u0142atka, wiceprezesa Stanis\u0142awa Grzesiaka, pani\u0105 dyrektor Europejskiego Centrum Bajki w Pacanowie \u2013 Aleksandr\u0119 Stachniak oraz starost\u0119 naszego powiatu \u00a0<br>\u2013 Jerzego Kolarza. <br>Uroczysto\u015b\u0107 zorganizowana zosta\u0142a dzi\u0119ki zaanga\u017cowaniu dyrektora Specjalistycznego Szpitala Ortopedyczno-Rehabilitacyjnego \u201eG\u00f3rka\u201d Marka Arabskiego. \u00a0<br>Dzieci spotka\u0142a bardzo mi\u0142a niespodzianka, poniewa\u017c odwiedzi\u0142 je Kozio\u0142ek Mato\u0142ek <br>z Europejskiego Centrum Bajki w Pacanowie i obdarowa\u0142 \u00a0cukierkami. Wr\u0119czy\u0142 r\u00f3wnie\u017c paczki ze s\u0142odyczami i upominkami, kt\u00f3rych sponsorem by\u0142o Uzdrowisko Busko-Zdr\u00f3j a przygotowali \u00a0nauczyciele Zespo\u0142u. Ka\u017cde dziecko dosta\u0142o tak\u017ce maskotk\u0119 oraz do picia wod\u0119\u00a0 mineraln\u0105 \u201eBuskowiank\u0119\u201d. Wszyscy uczniowie \u015bwietnie bawili \u00a0si\u0119 uczestnicz\u0105c w konkursach, quizach <br>i ta\u0144cach zespo\u0142owych.<br>Mi\u0142\u0105 atrakcj\u0105 na zako\u0144czenie \u015bwi\u0119towania okaza\u0142o si\u0119 wsp\u00f3lne pieczenie kie\u0142basek, kt\u00f3re pozwoli\u0142o zregenerowa\u0107 si\u0142y po chwilach \u00a0pe\u0142nych emocji i\u00a0 intensywnego\u00a0 wysi\u0142ku.\u00a0 <br>Ten wyj\u0105tkowy dzie\u0144 pozostawi\u0142 dzieciom \u00a0dawk\u0119 pozytywnej energii i na d\u0142ugo pozostanie <br>w ich pami\u0119ci.<\/p>\n\n\n\n<p>Organizatorzy\/foto: M. Kilijanek, E. Lotko-Pikul, A. Mierzwi\u0144ska-Mruga\u0142a, J. Pasternak<\/p>\n\n\n\n<figure class=\"wp-block-gallery columns-2 is-cropped wp-block-gallery-1 is-layout-flex wp-block-gallery-is-layout-flex\"><ul class=\"blocks-gallery-grid\"><li class=\"blocks-gallery-item\"><figure><img loading=\"lazy\" decoding=\"async\" width=\"640\" height=\"296\" src=\"http:\/\/www.zssgorkabusko.pl\/wp-content\/uploads\/2021\/06\/received_218712603396439.jpeg\" alt=\"\" data-id=\"5255\" data-full-url=\"http:\/\/www.zssgorkabusko.pl\/wp-content\/uploads\/2021\/06\/received_218712603396439.jpeg\" data-link=\"http:\/\/www.zssgorkabusko.pl\/?attachment_id=5255#main\" class=\"wp-image-5255\" srcset=\"https:\/\/www.zssgorkabusko.pl\/wp-content\/uploads\/2021\/06\/received_218712603396439.jpeg 640w, https:\/\/www.zssgorkabusko.pl\/wp-content\/uploads\/2021\/06\/received_218712603396439-300x139.jpeg 300w\" sizes=\"auto, (max-width: 640px) 100vw, 640px\" \/><\/figure><\/li><li class=\"blocks-gallery-item\"><figure><img decoding=\"async\" src=\"http:\/\/www.zssgorkabusko.pl\/wp-content\/uploads\/2021\/06\/P1010349.jpg\" alt=\"\" data-id=\"5257\" data-full-url=\"http:\/\/www.zssgorkabusko.pl\/wp-content\/uploads\/2021\/06\/P1010349.jpg\" data-link=\"http:\/\/www.zssgorkabusko.pl\/?attachment_id=5257#main\" class=\"wp-image-5257\"\/><\/figure><\/li><li class=\"blocks-gallery-item\"><figure><img decoding=\"async\" src=\"http:\/\/www.zssgorkabusko.pl\/wp-content\/uploads\/2021\/06\/P1010345.jpg\" alt=\"\" data-id=\"5256\" data-full-url=\"http:\/\/www.zssgorkabusko.pl\/wp-content\/uploads\/2021\/06\/P1010345.jpg\" data-link=\"http:\/\/www.zssgorkabusko.pl\/?attachment_id=5256#main\" class=\"wp-image-5256\"\/><\/figure><\/li><li class=\"blocks-gallery-item\"><figure><img decoding=\"async\" src=\"http:\/\/www.zssgorkabusko.pl\/wp-content\/uploads\/2021\/06\/P1010352.jpg\" alt=\"\" data-id=\"5258\" data-full-url=\"http:\/\/www.zssgorkabusko.pl\/wp-content\/uploads\/2021\/06\/P1010352.jpg\" data-link=\"http:\/\/www.zssgorkabusko.pl\/?attachment_id=5258#main\" class=\"wp-image-5258\"\/><\/figure><\/li><li class=\"blocks-gallery-item\"><figure><img decoding=\"async\" src=\"http:\/\/www.zssgorkabusko.pl\/wp-content\/uploads\/2021\/06\/P1010353.jpg\" alt=\"\" data-id=\"5259\" data-full-url=\"http:\/\/www.zssgorkabusko.pl\/wp-content\/uploads\/2021\/06\/P1010353.jpg\" data-link=\"http:\/\/www.zssgorkabusko.pl\/?attachment_id=5259#main\" class=\"wp-image-5259\"\/><\/figure><\/li><li class=\"blocks-gallery-item\"><figure><img decoding=\"async\" src=\"http:\/\/www.zssgorkabusko.pl\/wp-content\/uploads\/2021\/06\/P1010364.jpg\" alt=\"\" data-id=\"5262\" data-full-url=\"http:\/\/www.zssgorkabusko.pl\/wp-content\/uploads\/2021\/06\/P1010364.jpg\" data-link=\"http:\/\/www.zssgorkabusko.pl\/?attachment_id=5262#main\" class=\"wp-image-5262\"\/><\/figure><\/li><li class=\"blocks-gallery-item\"><figure><img decoding=\"async\" src=\"http:\/\/www.zssgorkabusko.pl\/wp-content\/uploads\/2021\/06\/P1010359.jpg\" alt=\"\" data-id=\"5260\" data-full-url=\"http:\/\/www.zssgorkabusko.pl\/wp-content\/uploads\/2021\/06\/P1010359.jpg\" data-link=\"http:\/\/www.zssgorkabusko.pl\/?attachment_id=5260#main\" class=\"wp-image-5260\"\/><\/figure><\/li><li class=\"blocks-gallery-item\"><figure><img decoding=\"async\" src=\"http:\/\/www.zssgorkabusko.pl\/wp-content\/uploads\/2021\/06\/P1010360.jpg\" alt=\"\" data-id=\"5261\" data-full-url=\"http:\/\/www.zssgorkabusko.pl\/wp-content\/uploads\/2021\/06\/P1010360.jpg\" data-link=\"http:\/\/www.zssgorkabusko.pl\/?attachment_id=5261#main\" class=\"wp-image-5261\"\/><\/figure><\/li><li class=\"blocks-gallery-item\"><figure><img decoding=\"async\" src=\"http:\/\/www.zssgorkabusko.pl\/wp-content\/uploads\/2021\/06\/P1010365.jpg\" alt=\"\" data-id=\"5263\" data-full-url=\"http:\/\/www.zssgorkabusko.pl\/wp-content\/uploads\/2021\/06\/P1010365.jpg\" data-link=\"http:\/\/www.zssgorkabusko.pl\/?attachment_id=5263#main\" class=\"wp-image-5263\"\/><\/figure><\/li><li class=\"blocks-gallery-item\"><figure><img loading=\"lazy\" decoding=\"async\" width=\"640\" height=\"480\" src=\"http:\/\/www.zssgorkabusko.pl\/wp-content\/uploads\/2021\/06\/P1010367.jpg\" alt=\"\" data-id=\"5264\" data-full-url=\"http:\/\/www.zssgorkabusko.pl\/wp-content\/uploads\/2021\/06\/P1010367.jpg\" data-link=\"http:\/\/www.zssgorkabusko.pl\/?attachment_id=5264#main\" class=\"wp-image-5264\" srcset=\"https:\/\/www.zssgorkabusko.pl\/wp-content\/uploads\/2021\/06\/P1010367.jpg 640w, https:\/\/www.zssgorkabusko.pl\/wp-content\/uploads\/2021\/06\/P1010367-300x225.jpg 300w\" sizes=\"auto, (max-width: 640px) 100vw, 640px\" \/><\/figure><\/li><\/ul><\/figure>\n","protected":false},"excerpt":{"rendered":"<p>W dniu 01.06.2021r. uczniowie Zespo\u0142u Szk\u00f3\u0142 Specjalnych w Busku \u2013Zdroju uczestniczyli w zabawie zorganizowanej z okazji Dnia Dziecka. Oficjalnego otwarcia imprezy dokona\u0142a pani dyrektor Justyna Kwiatkowska, kt\u00f3ra powita\u0142a przyby\u0142ych go\u015bci : prezesa Uzdrowiska Busko-Zdr\u00f3j \u2013 Micha\u0142a P\u0142atka, wiceprezesa Stanis\u0142awa Grzesiaka, pani\u0105 dyrektor Europejskiego Centrum Bajki w Pacanowie \u2013 Aleksandr\u0119 Stachniak oraz starost\u0119 naszego powiatu \u00a0\u2013 &#8230; <a title=\"DZIE\u0143 DZIECKA\" class=\"read-more\" href=\"https:\/\/www.zssgorkabusko.pl\/index.php\/2021\/06\/03\/dzien-dziecka-3\/\" aria-label=\"Dowiedz si\u0119 wi\u0119cej o DZIE\u0143 DZIECKA\">Dowiedz si\u0119 wi\u0119cej<\/a><\/p>\n","protected":false},"author":2,"featured_media":0,"comment_status":"closed","ping_status":"open","sticky":false,"template":"","format":"standard","meta":{"ngg_post_thumbnail":0,"footnotes":""},"categories":[1],"tags":[],"class_list":["post-5242","post","type-post","status-publish","format-standard","hentry","category-bez-kategorii"],"_links":{"self":[{"href":"https:\/\/www.zssgorkabusko.pl\/index.php\/wp-json\/wp\/v2\/posts\/5242","targetHints":{"allow":["GET"]}}],"collection":[{"href":"https:\/\/www.zssgorkabusko.pl\/index.php\/wp-json\/wp\/v2\/posts"}],"about":[{"href":"https:\/\/www.zssgorkabusko.pl\/index.php\/wp-json\/wp\/v2\/types\/post"}],"author":[{"embeddable":true,"href":"https:\/\/www.zssgorkabusko.pl\/index.php\/wp-json\/wp\/v2\/users\/2"}],"replies":[{"embeddable":true,"href":"https:\/\/www.zssgorkabusko.pl\/index.php\/wp-json\/wp\/v2\/comments?post=5242"}],"version-history":[{"count":13,"href":"https:\/\/www.zssgorkabusko.pl\/index.php\/wp-json\/wp\/v2\/posts\/5242\/revisions"}],"predecessor-version":[{"id":5266,"href":"https:\/\/www.zssgorkabusko.pl\/index.php\/wp-json\/wp\/v2\/posts\/5242\/revisions\/5266"}],"wp:attachment":[{"href":"https:\/\/www.zssgorkabusko.pl\/index.php\/wp-json\/wp\/v2\/media?parent=5242"}],"wp:term":[{"taxonomy":"category","embeddable":true,"href":"https:\/\/www.zssgorkabusko.pl\/index.php\/wp-json\/wp\/v2\/categories?post=5242"},{"taxonomy":"post_tag","embeddable":true,"href":"https:\/\/www.zssgorkabusko.pl\/index.php\/wp-json\/wp\/v2\/tags?post=5242"}],"curies":[{"name":"wp","href":"https:\/\/api.w.org\/{rel}","templated":true}]}}