{"id":5791,"date":"2022-02-16T18:49:43","date_gmt":"2022-02-16T17:49:43","guid":{"rendered":"http:\/\/www.zssgorkabusko.pl\/?p=5791"},"modified":"2022-02-16T18:49:44","modified_gmt":"2022-02-16T17:49:44","slug":"80-rocznica-utworzenia-ak-zapal-znicz","status":"publish","type":"post","link":"https:\/\/www.zssgorkabusko.pl\/index.php\/2022\/02\/16\/80-rocznica-utworzenia-ak-zapal-znicz\/","title":{"rendered":"80.ROCZNICA UTWORZENIA AK  \u201e ZAPAL ZNICZ\u201d"},"content":{"rendered":"\n<p>4 lutego 1942 roku decyzj\u0105 Naczelnego Wodza gen. W\u0142adys\u0142awa Sikorskiego nast\u0105pi\u0142o przekszta\u0142cenie konspiracyjnego Zwi\u0105zku Walki Zbrojnej w Armi\u0119 Krajow\u0105. <br>Mia\u0142o to ogromn\u0105 symboliczn\u0105 wag\u0119. Armia Krajowa podj\u0119\u0142a zadania Zwi\u0105zku Walki Zbrojnej, <br>utworzonego w 1939 roku do walki z okupantem niemieckim i sowieckim. <br>Jednak przekszta\u0142cenie ZWZ w AK nie by\u0142o tylko formaln\u0105 zmian\u0105 nazwy. W tej decyzji odzwierciedla\u0142o si\u0119 co\u015b o wiele wa\u017cniejszego. Chodzi\u0142o o podkre\u015blenie znaczenia si\u0142 zbrojnych <br>w kraju, kt\u00f3re odt\u0105d stawa\u0142y si\u0119 podziemnym Wojskiem Polskim. 80.rocznica powo\u0142ania AK <br>to wielkie \u015bwi\u0119to polskiego or\u0119\u017ca i suwerennej pa\u0144stwowo\u015bci, \u015bwi\u0119to polskiego honoru i dumy. \u015awi\u0119to zwyci\u0119stwa \u2013 bo na odwadze i ofierze \u017co\u0142nierzy Armii Krajowej zosta\u0142a ufundowana dzisiejsza niepodleg\u0142a Rzeczpospolita. Ho\u0142d i wdzi\u0119czno\u015b\u0107, oraz duma z \u017co\u0142nierzy Armii Krajowej powinna trwa\u0107 jako wa\u017cny element polskiej to\u017csamo\u015bci narodowej oraz moralny i obywatelski testament, wskazuj\u0105cy, na czym polega wierno\u015b\u0107 Ojczy\u017anie i s\u0142u\u017cba wolnej Polsce. <br>Jednak, aby tak si\u0119 sta\u0142o wiedz\u0119 o historii AK nale\u017cy przekazywa\u0107 m\u0142odemu pokoleniu, <br>dlatego w t\u0105 okr\u0105g\u0142\u0105 rocznic\u0119 w ca\u0142ej Polsce uczniowie szk\u00f3\u0142 i plac\u00f3wek o\u015bwiatowych przyst\u0105pili do akcji zapalania zniczy na grobach i pomnikach upami\u0119tniaj\u0105cych bohater\u00f3w dzia\u0142aj\u0105cych <br>w strukturach wojskowej konspiracji.<\/p>\n\n\n\n<p>Wychowankowie Zespo\u0142\u00f3w Szk\u00f3\u0142 Specjalnych w ramach zaj\u0119\u0107 Specjalnych Grup Wychowawczych tak\u017ce przy\u0142\u0105czyli si\u0119 do tej inicjatywy. Ogl\u0105dali filmy przybli\u017caj\u0105ce histori\u0119 i dzia\u0142alno\u015b\u0107 struktur AK. Zapoznali si\u0119 z najs\u0142ynniejszymi akcjami partyzant\u00f3w na terenie naszego regionu i wykonali tematyczne prace plastyczne. Odbyli wirtualny spacer po cmentarzu parafialnym w Busku-Zdroju. W imieniu podopiecznych nauczyciele zapalili\u00a0 znicze na grobach \u017co\u0142nierzy AK pochowanych <br>w naszym mie\u015bcie.<br>Organizator\/foto: Dorota J\u00f3zefiak, Anna Fr\u0105czkiewicz, Anna Mazur<\/p>\n\n\n\n<figure class=\"wp-block-video aligncenter\"><video controls src=\"http:\/\/www.zssgorkabusko.pl\/wp-content\/uploads\/2022\/02\/Prace-naszych-wychowankow.mp4\"><\/video><\/figure>\n","protected":false},"excerpt":{"rendered":"<p>4 lutego 1942 roku decyzj\u0105 Naczelnego Wodza gen. W\u0142adys\u0142awa Sikorskiego nast\u0105pi\u0142o przekszta\u0142cenie konspiracyjnego Zwi\u0105zku Walki Zbrojnej w Armi\u0119 Krajow\u0105. Mia\u0142o to ogromn\u0105 symboliczn\u0105 wag\u0119. Armia Krajowa podj\u0119\u0142a zadania Zwi\u0105zku Walki Zbrojnej, utworzonego w 1939 roku do walki z okupantem niemieckim i sowieckim. Jednak przekszta\u0142cenie ZWZ w AK nie by\u0142o tylko formaln\u0105 zmian\u0105 nazwy. W tej &#8230; <a title=\"80.ROCZNICA UTWORZENIA AK  \u201e ZAPAL ZNICZ\u201d\" class=\"read-more\" href=\"https:\/\/www.zssgorkabusko.pl\/index.php\/2022\/02\/16\/80-rocznica-utworzenia-ak-zapal-znicz\/\" aria-label=\"Dowiedz si\u0119 wi\u0119cej o 80.ROCZNICA UTWORZENIA AK  \u201e ZAPAL ZNICZ\u201d\">Dowiedz si\u0119 wi\u0119cej<\/a><\/p>\n","protected":false},"author":2,"featured_media":0,"comment_status":"closed","ping_status":"open","sticky":false,"template":"","format":"standard","meta":{"ngg_post_thumbnail":0,"footnotes":""},"categories":[1],"tags":[],"class_list":["post-5791","post","type-post","status-publish","format-standard","hentry","category-bez-kategorii"],"_links":{"self":[{"href":"https:\/\/www.zssgorkabusko.pl\/index.php\/wp-json\/wp\/v2\/posts\/5791","targetHints":{"allow":["GET"]}}],"collection":[{"href":"https:\/\/www.zssgorkabusko.pl\/index.php\/wp-json\/wp\/v2\/posts"}],"about":[{"href":"https:\/\/www.zssgorkabusko.pl\/index.php\/wp-json\/wp\/v2\/types\/post"}],"author":[{"embeddable":true,"href":"https:\/\/www.zssgorkabusko.pl\/index.php\/wp-json\/wp\/v2\/users\/2"}],"replies":[{"embeddable":true,"href":"https:\/\/www.zssgorkabusko.pl\/index.php\/wp-json\/wp\/v2\/comments?post=5791"}],"version-history":[{"count":13,"href":"https:\/\/www.zssgorkabusko.pl\/index.php\/wp-json\/wp\/v2\/posts\/5791\/revisions"}],"predecessor-version":[{"id":5804,"href":"https:\/\/www.zssgorkabusko.pl\/index.php\/wp-json\/wp\/v2\/posts\/5791\/revisions\/5804"}],"wp:attachment":[{"href":"https:\/\/www.zssgorkabusko.pl\/index.php\/wp-json\/wp\/v2\/media?parent=5791"}],"wp:term":[{"taxonomy":"category","embeddable":true,"href":"https:\/\/www.zssgorkabusko.pl\/index.php\/wp-json\/wp\/v2\/categories?post=5791"},{"taxonomy":"post_tag","embeddable":true,"href":"https:\/\/www.zssgorkabusko.pl\/index.php\/wp-json\/wp\/v2\/tags?post=5791"}],"curies":[{"name":"wp","href":"https:\/\/api.w.org\/{rel}","templated":true}]}}