{"id":5842,"date":"2022-03-01T10:59:18","date_gmt":"2022-03-01T09:59:18","guid":{"rendered":"http:\/\/www.zssgorkabusko.pl\/?p=5842"},"modified":"2022-03-01T11:00:01","modified_gmt":"2022-03-01T10:00:01","slug":"narodowy-dzien-pamieci-zolnierzy-wykletych-2","status":"publish","type":"post","link":"https:\/\/www.zssgorkabusko.pl\/index.php\/2022\/03\/01\/narodowy-dzien-pamieci-zolnierzy-wykletych-2\/","title":{"rendered":"NARODOWY DZIE\u0143 PAMI\u0118CI ,,\u017bO\u0141NIERZY WYKL\u0118TYCH&#8221;"},"content":{"rendered":"\n<p class=\"has-text-align-center\"><em>,,To, co prze\u017cy\u0142o jedno pokolenie, drugie przeplata w sercu i pami\u0119ci. <\/em><br><em>I tak pochodem id\u0105 cienie, cienie&#8230;, a\u017c si\u0119 nast\u0119pne zn\u00f3w za krew po\u015bwi\u0119ci!&#8221;<br>Fragment\u00a0utworu\u00a0Artura\u00a0Oppmana\u00a0,,Pi\u0119ciu\u00a0poleg\u0142ych&#8221;<\/em><\/p>\n\n\n\n<p class=\"has-text-align-left\"><br>Narodowy Dzie\u0144 Pami\u0119ci ,,\u017bo\u0142nierzy Wykl\u0119tych&#8221; &#8211; polskie \u015bwi\u0119to pa\u0144stwowe obchodzone <br>1 marca po\u015bwi\u0119cone upami\u0119tnieniu \u017co\u0142nierzy antykomunistycznego i niepodleg\u0142o\u015bciowego podziemia. Wychowankowie naszej plac\u00f3wki zapoznawali si\u0119 z histori\u0105 walk o niepodleg\u0142o\u015b\u0107 naszego kraju jak\u0105 prowadzili ,,\u017bo\u0142nierze Wykleci&#8221;. Uczniowie starszych klas przygotowali kr\u00f3tk\u0105 prezentacj\u0119 multimedialn\u0105 przedstawiaj\u0105ca losy bohater\u00f3w niez\u0142omnych, kt\u00f3ra zaprezentowano m\u0142odszym kolegom. Zorganizowano konkurs plastyczny ,,Wilczym Tropem &#8211; Pami\u0119tamy&#8221;, kt\u00f3rego efekty przedstawiono w formie gazetki okoliczno\u015bciowej oraz kr\u00f3tki monta\u017c s\u0142owno-muzyczny. <br>Organizatorzy\/foto: D. Jozefiak, A. Mazur, M. Karpowicz, A. Fr\u0105czkiewicz<\/p>\n\n\n\n<figure class=\"wp-block-video\"><video controls src=\"http:\/\/www.zssgorkabusko.pl\/wp-content\/uploads\/2022\/03\/video-1646074407.mp4\"><\/video><\/figure>\n\n\n\n<figure class=\"wp-block-video\"><video controls src=\"http:\/\/www.zssgorkabusko.pl\/wp-content\/uploads\/2022\/03\/video-1646074428.mp4\"><\/video><\/figure>\n","protected":false},"excerpt":{"rendered":"<p>,,To, co prze\u017cy\u0142o jedno pokolenie, drugie przeplata w sercu i pami\u0119ci. I tak pochodem id\u0105 cienie, cienie&#8230;, a\u017c si\u0119 nast\u0119pne zn\u00f3w za krew po\u015bwi\u0119ci!&#8221;Fragment\u00a0utworu\u00a0Artura\u00a0Oppmana\u00a0,,Pi\u0119ciu\u00a0poleg\u0142ych&#8221; Narodowy Dzie\u0144 Pami\u0119ci ,,\u017bo\u0142nierzy Wykl\u0119tych&#8221; &#8211; polskie \u015bwi\u0119to pa\u0144stwowe obchodzone 1 marca po\u015bwi\u0119cone upami\u0119tnieniu \u017co\u0142nierzy antykomunistycznego i niepodleg\u0142o\u015bciowego podziemia. Wychowankowie naszej plac\u00f3wki zapoznawali si\u0119 z histori\u0105 walk o niepodleg\u0142o\u015b\u0107 naszego kraju &#8230; <a title=\"NARODOWY DZIE\u0143 PAMI\u0118CI ,,\u017bO\u0141NIERZY WYKL\u0118TYCH&#8221;\" class=\"read-more\" href=\"https:\/\/www.zssgorkabusko.pl\/index.php\/2022\/03\/01\/narodowy-dzien-pamieci-zolnierzy-wykletych-2\/\" aria-label=\"Dowiedz si\u0119 wi\u0119cej o NARODOWY DZIE\u0143 PAMI\u0118CI ,,\u017bO\u0141NIERZY WYKL\u0118TYCH&#8221;\">Dowiedz si\u0119 wi\u0119cej<\/a><\/p>\n","protected":false},"author":2,"featured_media":0,"comment_status":"closed","ping_status":"open","sticky":false,"template":"","format":"standard","meta":{"ngg_post_thumbnail":0,"footnotes":""},"categories":[1],"tags":[],"class_list":["post-5842","post","type-post","status-publish","format-standard","hentry","category-bez-kategorii"],"_links":{"self":[{"href":"https:\/\/www.zssgorkabusko.pl\/index.php\/wp-json\/wp\/v2\/posts\/5842","targetHints":{"allow":["GET"]}}],"collection":[{"href":"https:\/\/www.zssgorkabusko.pl\/index.php\/wp-json\/wp\/v2\/posts"}],"about":[{"href":"https:\/\/www.zssgorkabusko.pl\/index.php\/wp-json\/wp\/v2\/types\/post"}],"author":[{"embeddable":true,"href":"https:\/\/www.zssgorkabusko.pl\/index.php\/wp-json\/wp\/v2\/users\/2"}],"replies":[{"embeddable":true,"href":"https:\/\/www.zssgorkabusko.pl\/index.php\/wp-json\/wp\/v2\/comments?post=5842"}],"version-history":[{"count":10,"href":"https:\/\/www.zssgorkabusko.pl\/index.php\/wp-json\/wp\/v2\/posts\/5842\/revisions"}],"predecessor-version":[{"id":5854,"href":"https:\/\/www.zssgorkabusko.pl\/index.php\/wp-json\/wp\/v2\/posts\/5842\/revisions\/5854"}],"wp:attachment":[{"href":"https:\/\/www.zssgorkabusko.pl\/index.php\/wp-json\/wp\/v2\/media?parent=5842"}],"wp:term":[{"taxonomy":"category","embeddable":true,"href":"https:\/\/www.zssgorkabusko.pl\/index.php\/wp-json\/wp\/v2\/categories?post=5842"},{"taxonomy":"post_tag","embeddable":true,"href":"https:\/\/www.zssgorkabusko.pl\/index.php\/wp-json\/wp\/v2\/tags?post=5842"}],"curies":[{"name":"wp","href":"https:\/\/api.w.org\/{rel}","templated":true}]}}