{"id":5882,"date":"2022-03-21T20:49:37","date_gmt":"2022-03-21T19:49:37","guid":{"rendered":"http:\/\/www.zssgorkabusko.pl\/?p=5882"},"modified":"2022-03-21T20:49:38","modified_gmt":"2022-03-21T19:49:38","slug":"18-03-swiatowy-dzien-recyklingu","status":"publish","type":"post","link":"https:\/\/www.zssgorkabusko.pl\/index.php\/2022\/03\/21\/18-03-swiatowy-dzien-recyklingu\/","title":{"rendered":"18.03 \u015aWIATOWY DZIE\u0143 RECYKLINGU"},"content":{"rendered":"\n<p>Recykling to odzyskiwanie i powt\u00f3rne wykorzystywanie odpad\u00f3w przy tworzeniu nowych produkt\u00f3w. To codzienne decyzje, kt\u00f3re z czasem staj\u0105 si\u0119 nawykami. Ka\u017cda taka decyzja, <br>to szansa dla \u015brodowiska. Wychowankowie specjalnych grup wychowawczych wykorzystuj\u0105c odpady wt\u00f3rne wykazali si\u0119 kreatywno\u015bci\u0105, promowali trosk\u0119 o nasz\u0105 planet\u0119. <br>Efektem tw\u00f3rczej pracy by\u0142y lalki, postaci z bajek, przedmioty codziennego u\u017cytku, bi\u017cuteria.<br>Organizatorzy: Anna \u00a0Mazur, Marta Karpowicz, Anna\u00a0 Fr\u0105czkiewicz<\/p>\n\n\n\n<div class=\"wp-block-image\"><figure class=\"aligncenter size-large\"><img loading=\"lazy\" decoding=\"async\" width=\"640\" height=\"354\" src=\"http:\/\/www.zssgorkabusko.pl\/wp-content\/uploads\/2022\/03\/275914542_390526552479286_3833593426361252886_n.jpg\" alt=\"\" class=\"wp-image-5886\" srcset=\"https:\/\/www.zssgorkabusko.pl\/wp-content\/uploads\/2022\/03\/275914542_390526552479286_3833593426361252886_n.jpg 640w, https:\/\/www.zssgorkabusko.pl\/wp-content\/uploads\/2022\/03\/275914542_390526552479286_3833593426361252886_n-300x166.jpg 300w\" sizes=\"auto, (max-width: 640px) 100vw, 640px\" \/><\/figure><\/div>\n","protected":false},"excerpt":{"rendered":"<p>Recykling to odzyskiwanie i powt\u00f3rne wykorzystywanie odpad\u00f3w przy tworzeniu nowych produkt\u00f3w. To codzienne decyzje, kt\u00f3re z czasem staj\u0105 si\u0119 nawykami. Ka\u017cda taka decyzja, to szansa dla \u015brodowiska. Wychowankowie specjalnych grup wychowawczych wykorzystuj\u0105c odpady wt\u00f3rne wykazali si\u0119 kreatywno\u015bci\u0105, promowali trosk\u0119 o nasz\u0105 planet\u0119. Efektem tw\u00f3rczej pracy by\u0142y lalki, postaci z bajek, przedmioty codziennego u\u017cytku, bi\u017cuteria.Organizatorzy: Anna &#8230; <a title=\"18.03 \u015aWIATOWY DZIE\u0143 RECYKLINGU\" class=\"read-more\" href=\"https:\/\/www.zssgorkabusko.pl\/index.php\/2022\/03\/21\/18-03-swiatowy-dzien-recyklingu\/\" aria-label=\"Dowiedz si\u0119 wi\u0119cej o 18.03 \u015aWIATOWY DZIE\u0143 RECYKLINGU\">Dowiedz si\u0119 wi\u0119cej<\/a><\/p>\n","protected":false},"author":2,"featured_media":0,"comment_status":"closed","ping_status":"open","sticky":false,"template":"","format":"standard","meta":{"ngg_post_thumbnail":0,"footnotes":""},"categories":[1],"tags":[],"class_list":["post-5882","post","type-post","status-publish","format-standard","hentry","category-bez-kategorii"],"_links":{"self":[{"href":"https:\/\/www.zssgorkabusko.pl\/index.php\/wp-json\/wp\/v2\/posts\/5882","targetHints":{"allow":["GET"]}}],"collection":[{"href":"https:\/\/www.zssgorkabusko.pl\/index.php\/wp-json\/wp\/v2\/posts"}],"about":[{"href":"https:\/\/www.zssgorkabusko.pl\/index.php\/wp-json\/wp\/v2\/types\/post"}],"author":[{"embeddable":true,"href":"https:\/\/www.zssgorkabusko.pl\/index.php\/wp-json\/wp\/v2\/users\/2"}],"replies":[{"embeddable":true,"href":"https:\/\/www.zssgorkabusko.pl\/index.php\/wp-json\/wp\/v2\/comments?post=5882"}],"version-history":[{"count":4,"href":"https:\/\/www.zssgorkabusko.pl\/index.php\/wp-json\/wp\/v2\/posts\/5882\/revisions"}],"predecessor-version":[{"id":5887,"href":"https:\/\/www.zssgorkabusko.pl\/index.php\/wp-json\/wp\/v2\/posts\/5882\/revisions\/5887"}],"wp:attachment":[{"href":"https:\/\/www.zssgorkabusko.pl\/index.php\/wp-json\/wp\/v2\/media?parent=5882"}],"wp:term":[{"taxonomy":"category","embeddable":true,"href":"https:\/\/www.zssgorkabusko.pl\/index.php\/wp-json\/wp\/v2\/categories?post=5882"},{"taxonomy":"post_tag","embeddable":true,"href":"https:\/\/www.zssgorkabusko.pl\/index.php\/wp-json\/wp\/v2\/tags?post=5882"}],"curies":[{"name":"wp","href":"https:\/\/api.w.org\/{rel}","templated":true}]}}