{"id":6204,"date":"2022-09-11T17:06:39","date_gmt":"2022-09-11T15:06:39","guid":{"rendered":"http:\/\/www.zssgorkabusko.pl\/?p=6204"},"modified":"2022-09-11T20:14:21","modified_gmt":"2022-09-11T18:14:21","slug":"narodowe-czytanie-2022-w-zespole-szkol-specjalnych","status":"publish","type":"post","link":"https:\/\/www.zssgorkabusko.pl\/index.php\/2022\/09\/11\/narodowe-czytanie-2022-w-zespole-szkol-specjalnych\/","title":{"rendered":"NARODOWE CZYTANIE 2022 W ZESPOLE SZK\u00d3\u0141 SPECJALNYCH"},"content":{"rendered":"\n<p><strong>Akcja Narodowego Czytania<\/strong> zosta\u0142a zainicjowana &nbsp;w roku 2012 wsp\u00f3ln\u0105 lektur\u0105 Pana Tadeusza Adama Mickiewicza. Tegoroczne \u015bwi\u0119to czytelnictwa zosta\u0142o tak\u017ce po\u015bwi\u0119cone tw\u00f3rczo\u015bci wspomnianego wieszcza narodowego.<\/p>\n\n\n\n<p><em>Ballady i romanse<\/em>&nbsp;Adama Mickiewicza to zbi\u00f3r poezji, kt\u00f3ry zapocz\u0105tkowa\u0142 w Polsce romantyzm. Wiersze ukazuj\u0105 szerokie mo\u017cliwo\u015bci pisarskie wybitnego autora, kt\u00f3ry na tle nastrojowej przyrody wykreowa\u0142 fascynuj\u0105cy i wyj\u0105tkowy \u015bwiat pe\u0142en uczuciowo\u015bci, fantazji i ludowej moralno\u015bci. Do dzi\u015b wiersze tego cyklu s\u0105 niezwykle popularne, a ich wsp\u00f3\u0142czesne znaczenie <br>dla polskiej kultury potwierdza Rok Romantyzmu Polskiego, og\u0142oszony w 2022 roku z okazji dw\u00f3chsetlecia wydania zbioru.<\/p>\n\n\n\n<p>Uczniowie Zespo\u0142u Szk\u00f3\u0142 Specjalnych r\u00f3wnie\u017c w\u0142\u0105czyli si\u0119 w og\u00f3lnopolskie czytanie. <br>Spotkanie odby\u0142o si\u0119 w sobot\u0119,3 wrze\u015bnia 2022 roku. <br>Organizator\/foto: A. Kaszewska, D. J\u00f3zefiak, M. Karpowicz<\/p>\n\n\n<div class=\"wp-block-image\">\n<figure class=\"aligncenter size-full\"><img loading=\"lazy\" decoding=\"async\" width=\"360\" height=\"640\" src=\"http:\/\/www.zssgorkabusko.pl\/wp-content\/uploads\/2022\/09\/305536203_801372894236907_1589901537099407623_n.png\" alt=\"\" class=\"wp-image-6206\" srcset=\"https:\/\/www.zssgorkabusko.pl\/wp-content\/uploads\/2022\/09\/305536203_801372894236907_1589901537099407623_n.png 360w, https:\/\/www.zssgorkabusko.pl\/wp-content\/uploads\/2022\/09\/305536203_801372894236907_1589901537099407623_n-169x300.png 169w\" sizes=\"auto, (max-width: 360px) 100vw, 360px\" \/><\/figure><\/div>","protected":false},"excerpt":{"rendered":"<p>Akcja Narodowego Czytania zosta\u0142a zainicjowana &nbsp;w roku 2012 wsp\u00f3ln\u0105 lektur\u0105 Pana Tadeusza Adama Mickiewicza. Tegoroczne \u015bwi\u0119to czytelnictwa zosta\u0142o tak\u017ce po\u015bwi\u0119cone tw\u00f3rczo\u015bci wspomnianego wieszcza narodowego. Ballady i romanse&nbsp;Adama Mickiewicza to zbi\u00f3r poezji, kt\u00f3ry zapocz\u0105tkowa\u0142 w Polsce romantyzm. Wiersze ukazuj\u0105 szerokie mo\u017cliwo\u015bci pisarskie wybitnego autora, kt\u00f3ry na tle nastrojowej przyrody wykreowa\u0142 fascynuj\u0105cy i wyj\u0105tkowy \u015bwiat pe\u0142en uczuciowo\u015bci, &#8230; <a title=\"NARODOWE CZYTANIE 2022 W ZESPOLE SZK\u00d3\u0141 SPECJALNYCH\" class=\"read-more\" href=\"https:\/\/www.zssgorkabusko.pl\/index.php\/2022\/09\/11\/narodowe-czytanie-2022-w-zespole-szkol-specjalnych\/\" aria-label=\"Dowiedz si\u0119 wi\u0119cej o NARODOWE CZYTANIE 2022 W ZESPOLE SZK\u00d3\u0141 SPECJALNYCH\">Dowiedz si\u0119 wi\u0119cej<\/a><\/p>\n","protected":false},"author":2,"featured_media":0,"comment_status":"closed","ping_status":"open","sticky":false,"template":"","format":"standard","meta":{"ngg_post_thumbnail":0,"footnotes":""},"categories":[1],"tags":[],"class_list":["post-6204","post","type-post","status-publish","format-standard","hentry","category-bez-kategorii"],"_links":{"self":[{"href":"https:\/\/www.zssgorkabusko.pl\/index.php\/wp-json\/wp\/v2\/posts\/6204","targetHints":{"allow":["GET"]}}],"collection":[{"href":"https:\/\/www.zssgorkabusko.pl\/index.php\/wp-json\/wp\/v2\/posts"}],"about":[{"href":"https:\/\/www.zssgorkabusko.pl\/index.php\/wp-json\/wp\/v2\/types\/post"}],"author":[{"embeddable":true,"href":"https:\/\/www.zssgorkabusko.pl\/index.php\/wp-json\/wp\/v2\/users\/2"}],"replies":[{"embeddable":true,"href":"https:\/\/www.zssgorkabusko.pl\/index.php\/wp-json\/wp\/v2\/comments?post=6204"}],"version-history":[{"count":4,"href":"https:\/\/www.zssgorkabusko.pl\/index.php\/wp-json\/wp\/v2\/posts\/6204\/revisions"}],"predecessor-version":[{"id":6216,"href":"https:\/\/www.zssgorkabusko.pl\/index.php\/wp-json\/wp\/v2\/posts\/6204\/revisions\/6216"}],"wp:attachment":[{"href":"https:\/\/www.zssgorkabusko.pl\/index.php\/wp-json\/wp\/v2\/media?parent=6204"}],"wp:term":[{"taxonomy":"category","embeddable":true,"href":"https:\/\/www.zssgorkabusko.pl\/index.php\/wp-json\/wp\/v2\/categories?post=6204"},{"taxonomy":"post_tag","embeddable":true,"href":"https:\/\/www.zssgorkabusko.pl\/index.php\/wp-json\/wp\/v2\/tags?post=6204"}],"curies":[{"name":"wp","href":"https:\/\/api.w.org\/{rel}","templated":true}]}}