{"id":6353,"date":"2022-10-19T10:16:54","date_gmt":"2022-10-19T08:16:54","guid":{"rendered":"http:\/\/www.zssgorkabusko.pl\/?p=6353"},"modified":"2022-10-28T08:05:55","modified_gmt":"2022-10-28T06:05:55","slug":"dzien-nauczyciela","status":"publish","type":"post","link":"https:\/\/www.zssgorkabusko.pl\/index.php\/2022\/10\/19\/dzien-nauczyciela\/","title":{"rendered":"DZIE\u0143 NAUCZYCIELA"},"content":{"rendered":"\n<p><strong>Dzie\u0144 Edukacji Narodowej<\/strong> \u2013 polskie \u015bwi\u0119to o\u015bwiaty i szkolnictwa wy\u017cszego ustanowione <br>27 kwietnia 1972 roku, okre\u015blone ustaw\u0105 \u2013 Karta praw i obowi\u0105zk\u00f3w nauczyciela jako Dzie\u0144 Nauczyciela. Od 1982 roku na mocy ustawy Karta Nauczyciela obchodzone jako Dzie\u0144 Edukacji Narodowej.<\/p>\n\n\n\n<p>W Zespole Szk\u00f3\u0142 Specjalnych obchody Dnia Edukacji Narodowej rozpocz\u0119\u0142a <br>Pani Dyrektor Justyna Kwiatkowska kieruj\u0105c ciep\u0142e s\u0142owa do pracownik\u00f3w Zespo\u0142u <br>z wyrazami podzi\u0119kowania za trud i po\u015bwiecenie w pracy wychowawczo- edukacyjnej oraz \u017cycz\u0105c rado\u015bci i satysfakcji z wykonywanego zawodu. <br>Swoj\u0105 obecno\u015bci\u0105 na uroczysto\u015bci zaszczycili nas Pan Jerzy Kolarz -Starosta Powiatu Buskiego, Pan Andrzej Solarski\u2013Dyrektor Pionu Zarz\u0105du Uzdrowiska Busko-Zdr\u00f3j S.A., Pan Marek Arabski &#8211; Dyrektor Specjalistycznego Szpitala Ortopedyczno &#8211; Rehabilitacyjnego &#8222;G\u00f3rka&#8221; w Busku-Zdroju, Pan Adrian Jamro\u017cy- Kierownik Administracji Szpitala \u201eG\u00f3rka\u201d w Busku-Zdroju oraz personel medyczny oddzia\u0142u III.<\/p>\n\n\n\n<p>Dzie\u0144 Edukacji Narodowej jest tak\u017ce okazj\u0105 do wr\u0119czenia nagr\u00f3d za osi\u0105gni\u0119cia w pracy dydaktyczno- wychowawczej. W tym roku szkolnym wyr\u00f3\u017cnieni nauczyciele to: <br>Pani Ewa Tomala, kt\u00f3ra otrzyma\u0142a nagrod\u0119 Starosty oraz Pani Justyna Pasternak i Pani El\u017cbieta Lotko-Pikul, nauczycielki nagrodzone przez Pani\u0105 Dyrektor.<\/p>\n\n\n\n<p>Swoje podzi\u0119kowania i \u017cyczenia dla nauczycieli uczniowie wyrazili w s\u0142owach wierszy i piosenek oraz humorystycznych anegdot przedstawionych w programie artystycznym.&nbsp; <br>Wr\u0119czyli tak\u017ce nauczycielom i przyby\u0142ym go\u015bciom laurki oraz drobne upominki, zawieraj\u0105ce serduszka wydrukowane na drukarce 3D, w ramach realizacji programu \u201eLaboratoria Przysz\u0142o\u015bci\u201d.<\/p>\n\n\n\n<p>Dzie\u0144 Edukacji Narodowej sta\u0142 si\u0119 r\u00f3wnie\u017c okazj\u0105 do promocji szko\u0142y i szpitala poprzez obecno\u015b\u0107 na uroczysto\u015bci Telewizji \u015awi\u0119tokrzyskiej, kt\u00f3rej na zako\u0144czenie pani Dyrektor udzieli\u0142a wywiadu na temat organizacji procesu dydaktycznego w naszej plac\u00f3wce.<\/p>\n\n\n\n<p>Organizator\/Zdj\u0119cia zrobione aparatem fotograficznym Canon w ramach realizacji programu \u201eLaboratoria Przysz\u0142o\u015bci\u201d: M. Sempio\u0142, M. B\u0119benek, M. Kwa\u015bniewski, B. Bitner-Sarna, M. Kilijanek, <br>E. Lotko-Pikul, J. Pasternak<\/p>\n\n\n\n<figure class=\"wp-block-gallery has-nested-images columns-2 is-cropped wp-block-gallery-1 is-layout-flex wp-block-gallery-is-layout-flex\">\n<figure class=\"wp-block-image size-large\"><img loading=\"lazy\" decoding=\"async\" width=\"640\" height=\"359\" data-id=\"6361\" src=\"http:\/\/www.zssgorkabusko.pl\/wp-content\/uploads\/2022\/10\/IMG_2500.jpg\" alt=\"\" class=\"wp-image-6361\" srcset=\"https:\/\/www.zssgorkabusko.pl\/wp-content\/uploads\/2022\/10\/IMG_2500.jpg 640w, https:\/\/www.zssgorkabusko.pl\/wp-content\/uploads\/2022\/10\/IMG_2500-300x168.jpg 300w\" sizes=\"auto, (max-width: 640px) 100vw, 640px\" \/><\/figure>\n\n\n\n<figure class=\"wp-block-image size-large\"><img loading=\"lazy\" decoding=\"async\" width=\"640\" height=\"359\" data-id=\"6359\" src=\"http:\/\/www.zssgorkabusko.pl\/wp-content\/uploads\/2022\/10\/IMG_2511.jpg\" alt=\"\" class=\"wp-image-6359\" srcset=\"https:\/\/www.zssgorkabusko.pl\/wp-content\/uploads\/2022\/10\/IMG_2511.jpg 640w, https:\/\/www.zssgorkabusko.pl\/wp-content\/uploads\/2022\/10\/IMG_2511-300x168.jpg 300w\" sizes=\"auto, (max-width: 640px) 100vw, 640px\" \/><\/figure>\n\n\n\n<figure class=\"wp-block-image size-large\"><img loading=\"lazy\" decoding=\"async\" width=\"640\" height=\"359\" data-id=\"6363\" src=\"http:\/\/www.zssgorkabusko.pl\/wp-content\/uploads\/2022\/10\/IMG_2517.jpg\" alt=\"\" class=\"wp-image-6363\" srcset=\"https:\/\/www.zssgorkabusko.pl\/wp-content\/uploads\/2022\/10\/IMG_2517.jpg 640w, https:\/\/www.zssgorkabusko.pl\/wp-content\/uploads\/2022\/10\/IMG_2517-300x168.jpg 300w\" sizes=\"auto, (max-width: 640px) 100vw, 640px\" \/><\/figure>\n\n\n\n<figure class=\"wp-block-image size-large\"><img loading=\"lazy\" decoding=\"async\" width=\"640\" height=\"359\" data-id=\"6364\" src=\"http:\/\/www.zssgorkabusko.pl\/wp-content\/uploads\/2022\/10\/IMG_2523.jpg\" alt=\"\" class=\"wp-image-6364\" srcset=\"https:\/\/www.zssgorkabusko.pl\/wp-content\/uploads\/2022\/10\/IMG_2523.jpg 640w, https:\/\/www.zssgorkabusko.pl\/wp-content\/uploads\/2022\/10\/IMG_2523-300x168.jpg 300w\" sizes=\"auto, (max-width: 640px) 100vw, 640px\" \/><\/figure>\n\n\n\n<figure class=\"wp-block-image size-large\"><img loading=\"lazy\" decoding=\"async\" width=\"640\" height=\"359\" data-id=\"6360\" src=\"http:\/\/www.zssgorkabusko.pl\/wp-content\/uploads\/2022\/10\/IMG_2536.jpg\" alt=\"\" class=\"wp-image-6360\" srcset=\"https:\/\/www.zssgorkabusko.pl\/wp-content\/uploads\/2022\/10\/IMG_2536.jpg 640w, https:\/\/www.zssgorkabusko.pl\/wp-content\/uploads\/2022\/10\/IMG_2536-300x168.jpg 300w\" sizes=\"auto, (max-width: 640px) 100vw, 640px\" \/><\/figure>\n\n\n\n<figure class=\"wp-block-image size-large\"><img loading=\"lazy\" decoding=\"async\" width=\"640\" height=\"359\" data-id=\"6362\" src=\"http:\/\/www.zssgorkabusko.pl\/wp-content\/uploads\/2022\/10\/IMG_2538.jpg\" alt=\"\" class=\"wp-image-6362\" srcset=\"https:\/\/www.zssgorkabusko.pl\/wp-content\/uploads\/2022\/10\/IMG_2538.jpg 640w, https:\/\/www.zssgorkabusko.pl\/wp-content\/uploads\/2022\/10\/IMG_2538-300x168.jpg 300w\" sizes=\"auto, (max-width: 640px) 100vw, 640px\" \/><\/figure>\n\n\n\n<figure class=\"wp-block-image size-large\"><img loading=\"lazy\" decoding=\"async\" width=\"640\" height=\"359\" data-id=\"6365\" src=\"http:\/\/www.zssgorkabusko.pl\/wp-content\/uploads\/2022\/10\/IMG_2542.jpg\" alt=\"\" class=\"wp-image-6365\" srcset=\"https:\/\/www.zssgorkabusko.pl\/wp-content\/uploads\/2022\/10\/IMG_2542.jpg 640w, https:\/\/www.zssgorkabusko.pl\/wp-content\/uploads\/2022\/10\/IMG_2542-300x168.jpg 300w\" sizes=\"auto, (max-width: 640px) 100vw, 640px\" \/><\/figure>\n\n\n\n<figure class=\"wp-block-image size-large\"><img loading=\"lazy\" decoding=\"async\" width=\"640\" height=\"359\" data-id=\"6366\" src=\"http:\/\/www.zssgorkabusko.pl\/wp-content\/uploads\/2022\/10\/IMG_2545.jpg\" alt=\"\" class=\"wp-image-6366\" srcset=\"https:\/\/www.zssgorkabusko.pl\/wp-content\/uploads\/2022\/10\/IMG_2545.jpg 640w, https:\/\/www.zssgorkabusko.pl\/wp-content\/uploads\/2022\/10\/IMG_2545-300x168.jpg 300w\" sizes=\"auto, (max-width: 640px) 100vw, 640px\" \/><\/figure>\n<\/figure>\n","protected":false},"excerpt":{"rendered":"<p>Dzie\u0144 Edukacji Narodowej \u2013 polskie \u015bwi\u0119to o\u015bwiaty i szkolnictwa wy\u017cszego ustanowione 27 kwietnia 1972 roku, okre\u015blone ustaw\u0105 \u2013 Karta praw i obowi\u0105zk\u00f3w nauczyciela jako Dzie\u0144 Nauczyciela. Od 1982 roku na mocy ustawy Karta Nauczyciela obchodzone jako Dzie\u0144 Edukacji Narodowej. W Zespole Szk\u00f3\u0142 Specjalnych obchody Dnia Edukacji Narodowej rozpocz\u0119\u0142a Pani Dyrektor Justyna Kwiatkowska kieruj\u0105c ciep\u0142e s\u0142owa &#8230; <a title=\"DZIE\u0143 NAUCZYCIELA\" class=\"read-more\" href=\"https:\/\/www.zssgorkabusko.pl\/index.php\/2022\/10\/19\/dzien-nauczyciela\/\" aria-label=\"Dowiedz si\u0119 wi\u0119cej o DZIE\u0143 NAUCZYCIELA\">Dowiedz si\u0119 wi\u0119cej<\/a><\/p>\n","protected":false},"author":2,"featured_media":0,"comment_status":"closed","ping_status":"open","sticky":false,"template":"","format":"standard","meta":{"ngg_post_thumbnail":0,"footnotes":""},"categories":[1],"tags":[],"class_list":["post-6353","post","type-post","status-publish","format-standard","hentry","category-bez-kategorii"],"_links":{"self":[{"href":"https:\/\/www.zssgorkabusko.pl\/index.php\/wp-json\/wp\/v2\/posts\/6353","targetHints":{"allow":["GET"]}}],"collection":[{"href":"https:\/\/www.zssgorkabusko.pl\/index.php\/wp-json\/wp\/v2\/posts"}],"about":[{"href":"https:\/\/www.zssgorkabusko.pl\/index.php\/wp-json\/wp\/v2\/types\/post"}],"author":[{"embeddable":true,"href":"https:\/\/www.zssgorkabusko.pl\/index.php\/wp-json\/wp\/v2\/users\/2"}],"replies":[{"embeddable":true,"href":"https:\/\/www.zssgorkabusko.pl\/index.php\/wp-json\/wp\/v2\/comments?post=6353"}],"version-history":[{"count":7,"href":"https:\/\/www.zssgorkabusko.pl\/index.php\/wp-json\/wp\/v2\/posts\/6353\/revisions"}],"predecessor-version":[{"id":6400,"href":"https:\/\/www.zssgorkabusko.pl\/index.php\/wp-json\/wp\/v2\/posts\/6353\/revisions\/6400"}],"wp:attachment":[{"href":"https:\/\/www.zssgorkabusko.pl\/index.php\/wp-json\/wp\/v2\/media?parent=6353"}],"wp:term":[{"taxonomy":"category","embeddable":true,"href":"https:\/\/www.zssgorkabusko.pl\/index.php\/wp-json\/wp\/v2\/categories?post=6353"},{"taxonomy":"post_tag","embeddable":true,"href":"https:\/\/www.zssgorkabusko.pl\/index.php\/wp-json\/wp\/v2\/tags?post=6353"}],"curies":[{"name":"wp","href":"https:\/\/api.w.org\/{rel}","templated":true}]}}