{"id":6561,"date":"2022-11-26T18:26:27","date_gmt":"2022-11-26T17:26:27","guid":{"rendered":"http:\/\/www.zssgorkabusko.pl\/?p=6561"},"modified":"2022-11-26T18:26:28","modified_gmt":"2022-11-26T17:26:28","slug":"swiatowy-dzien-telewizji-21-listopada","status":"publish","type":"post","link":"https:\/\/www.zssgorkabusko.pl\/index.php\/2022\/11\/26\/swiatowy-dzien-telewizji-21-listopada\/","title":{"rendered":"\u015aWIATOWY DZIE\u0143 TELEWIZJI 21 LISTOPADA"},"content":{"rendered":"\n<p>\u015awiatowy Dzie\u0144 Telewizji zosta\u0142 ustanowiony przez zgromadzenie og\u00f3lne ONZ w celu upami\u0119tnienia obrad pierwszego \u015awiatowego Forum Telewizji, kt\u00f3re w 1996 roku odby\u0142o si\u0119 <br>w Nowym Jorku,w siedzibie ONZ.W tym dniu stacja telewizyjna na ca\u0142ym \u015bwiecie emituje programy zwi\u0105zane z zagadnieniami pokoju ,bezpiecze\u0144stwa oraz rozwoju spo\u0142ecznego <br>i gospodarczego. W \u015awiatowym Dniu Telewizji poruszana jest problematyka wp\u0142ywu telewizji <br>na rozw\u00f3j spo\u0142ecze\u0144stwa. Omawiane s\u0105 zalety i zagro\u017cenia p\u0142yn\u0105ce z telewizji. <br>Prekursorem telewizji w Polsce by\u0142 Jan Szczepanik zwany ,,polskim Edisonem\u201d. <br>Wynalazca w 1897 roku opatentowa\u0142 ,,telektroskop\u2019\u2019- czyli aparat do reprodukowania obraz\u00f3w na odleg\u0142o\u015b\u0107 za pomoc\u0105 elektryczno\u015bci. Historia telewizji\u00a0 w Polsce rozpocz\u0119\u0142a si\u0119 w 1937 roku, <br>kiedy w Warszawie zosta\u0142a uruchomiona pierwsza eksperymentalna stacja telewizyjna. Mia\u0142a ona charakter publiczny i nadawa\u0142a program pod nazw\u0105 TVP1.W Polsce \u015bwi\u0119to to obchodzone jest ju\u017c po raz dwudziesty trzeci. Wychowankowie specjalnych grup wychowawczych tak\u017ce postanowili uczci\u0107 to \u015bwi\u0119to wykonuj\u0105c modele telewizora z tektury i kartonu, wykazuj\u0105c si\u0119 niezwyk\u0142\u0105 kreatywno\u015bci\u0105 i tw\u00f3rcz\u0105 wyobra\u017ani\u0105. Poznali dobre i z\u0142e strony ogl\u0105dania telewizji, uk\u0142adali zagadki. Starsi wychowankowie przygotowali prezentacj\u0119 multimedialn\u0105 pt. ,,Telewizja dawniej i dzi\u015b.<br>Organizatorzy\/ Zdj\u0119cia zrobiono aparatem fotograficznym Canon w ramach programu ,,Laboratoria Przysz\u0142o\u015bci&#8221;:  Anna Fr\u0105czkiewicz ,Marta Karpowicz<\/p>\n\n\n\n<figure class=\"wp-block-gallery has-nested-images columns-2 is-cropped wp-block-gallery-1 is-layout-flex wp-block-gallery-is-layout-flex\">\n<figure class=\"wp-block-image size-large\"><img loading=\"lazy\" decoding=\"async\" width=\"480\" height=\"638\" data-id=\"6573\" src=\"http:\/\/www.zssgorkabusko.pl\/wp-content\/uploads\/2022\/11\/IMG_20221121_185854.jpg\" alt=\"\" class=\"wp-image-6573\" srcset=\"https:\/\/www.zssgorkabusko.pl\/wp-content\/uploads\/2022\/11\/IMG_20221121_185854.jpg 480w, https:\/\/www.zssgorkabusko.pl\/wp-content\/uploads\/2022\/11\/IMG_20221121_185854-226x300.jpg 226w\" sizes=\"auto, (max-width: 480px) 100vw, 480px\" \/><\/figure>\n\n\n\n<figure class=\"wp-block-image size-large\"><img loading=\"lazy\" decoding=\"async\" width=\"480\" height=\"638\" data-id=\"6574\" src=\"http:\/\/www.zssgorkabusko.pl\/wp-content\/uploads\/2022\/11\/IMG_20221121_185930.jpg\" alt=\"\" class=\"wp-image-6574\" srcset=\"https:\/\/www.zssgorkabusko.pl\/wp-content\/uploads\/2022\/11\/IMG_20221121_185930.jpg 480w, https:\/\/www.zssgorkabusko.pl\/wp-content\/uploads\/2022\/11\/IMG_20221121_185930-226x300.jpg 226w\" sizes=\"auto, (max-width: 480px) 100vw, 480px\" \/><\/figure>\n\n\n\n<figure class=\"wp-block-image size-large\"><img loading=\"lazy\" decoding=\"async\" width=\"480\" height=\"504\" data-id=\"6575\" src=\"http:\/\/www.zssgorkabusko.pl\/wp-content\/uploads\/2022\/11\/IMG_20221121_195202.jpg\" alt=\"\" class=\"wp-image-6575\" srcset=\"https:\/\/www.zssgorkabusko.pl\/wp-content\/uploads\/2022\/11\/IMG_20221121_195202.jpg 480w, https:\/\/www.zssgorkabusko.pl\/wp-content\/uploads\/2022\/11\/IMG_20221121_195202-286x300.jpg 286w\" sizes=\"auto, (max-width: 480px) 100vw, 480px\" \/><\/figure>\n\n\n\n<figure class=\"wp-block-image size-large\"><img loading=\"lazy\" decoding=\"async\" width=\"480\" height=\"638\" data-id=\"6576\" src=\"http:\/\/www.zssgorkabusko.pl\/wp-content\/uploads\/2022\/11\/IMG_20221121_195058.jpg\" alt=\"\" class=\"wp-image-6576\" srcset=\"https:\/\/www.zssgorkabusko.pl\/wp-content\/uploads\/2022\/11\/IMG_20221121_195058.jpg 480w, https:\/\/www.zssgorkabusko.pl\/wp-content\/uploads\/2022\/11\/IMG_20221121_195058-226x300.jpg 226w\" sizes=\"auto, (max-width: 480px) 100vw, 480px\" \/><\/figure>\n<\/figure>\n","protected":false},"excerpt":{"rendered":"<p>\u015awiatowy Dzie\u0144 Telewizji zosta\u0142 ustanowiony przez zgromadzenie og\u00f3lne ONZ w celu upami\u0119tnienia obrad pierwszego \u015awiatowego Forum Telewizji, kt\u00f3re w 1996 roku odby\u0142o si\u0119 w Nowym Jorku,w siedzibie ONZ.W tym dniu stacja telewizyjna na ca\u0142ym \u015bwiecie emituje programy zwi\u0105zane z zagadnieniami pokoju ,bezpiecze\u0144stwa oraz rozwoju spo\u0142ecznego i gospodarczego. W \u015awiatowym Dniu Telewizji poruszana jest problematyka wp\u0142ywu &#8230; <a title=\"\u015aWIATOWY DZIE\u0143 TELEWIZJI 21 LISTOPADA\" class=\"read-more\" href=\"https:\/\/www.zssgorkabusko.pl\/index.php\/2022\/11\/26\/swiatowy-dzien-telewizji-21-listopada\/\" aria-label=\"Dowiedz si\u0119 wi\u0119cej o \u015aWIATOWY DZIE\u0143 TELEWIZJI 21 LISTOPADA\">Dowiedz si\u0119 wi\u0119cej<\/a><\/p>\n","protected":false},"author":2,"featured_media":0,"comment_status":"closed","ping_status":"open","sticky":false,"template":"","format":"standard","meta":{"ngg_post_thumbnail":0,"footnotes":""},"categories":[1],"tags":[],"class_list":["post-6561","post","type-post","status-publish","format-standard","hentry","category-bez-kategorii"],"_links":{"self":[{"href":"https:\/\/www.zssgorkabusko.pl\/index.php\/wp-json\/wp\/v2\/posts\/6561","targetHints":{"allow":["GET"]}}],"collection":[{"href":"https:\/\/www.zssgorkabusko.pl\/index.php\/wp-json\/wp\/v2\/posts"}],"about":[{"href":"https:\/\/www.zssgorkabusko.pl\/index.php\/wp-json\/wp\/v2\/types\/post"}],"author":[{"embeddable":true,"href":"https:\/\/www.zssgorkabusko.pl\/index.php\/wp-json\/wp\/v2\/users\/2"}],"replies":[{"embeddable":true,"href":"https:\/\/www.zssgorkabusko.pl\/index.php\/wp-json\/wp\/v2\/comments?post=6561"}],"version-history":[{"count":12,"href":"https:\/\/www.zssgorkabusko.pl\/index.php\/wp-json\/wp\/v2\/posts\/6561\/revisions"}],"predecessor-version":[{"id":6577,"href":"https:\/\/www.zssgorkabusko.pl\/index.php\/wp-json\/wp\/v2\/posts\/6561\/revisions\/6577"}],"wp:attachment":[{"href":"https:\/\/www.zssgorkabusko.pl\/index.php\/wp-json\/wp\/v2\/media?parent=6561"}],"wp:term":[{"taxonomy":"category","embeddable":true,"href":"https:\/\/www.zssgorkabusko.pl\/index.php\/wp-json\/wp\/v2\/categories?post=6561"},{"taxonomy":"post_tag","embeddable":true,"href":"https:\/\/www.zssgorkabusko.pl\/index.php\/wp-json\/wp\/v2\/tags?post=6561"}],"curies":[{"name":"wp","href":"https:\/\/api.w.org\/{rel}","templated":true}]}}