{"id":6645,"date":"2022-12-08T10:02:08","date_gmt":"2022-12-08T09:02:08","guid":{"rendered":"http:\/\/www.zssgorkabusko.pl\/?p=6645"},"modified":"2022-12-08T10:02:09","modified_gmt":"2022-12-08T09:02:09","slug":"barborka-swieto-gornikow","status":"publish","type":"post","link":"https:\/\/www.zssgorkabusko.pl\/index.php\/2022\/12\/08\/barborka-swieto-gornikow\/","title":{"rendered":"BARB\u00d3RKA -\u015aWI\u0118TO G\u00d3RNIK\u00d3W"},"content":{"rendered":"\n<p>Barb\u00f3rka 2022 w tym roku przypada w niedziel\u0119 4 grudnia. To nie tylko imieniny \u015bwi\u0119tej Barbary, lecz tak\u017ce \u015bwi\u0119to g\u00f3rnik\u00f3w . Wychowankowie specjalnych grup wychowawczych postanowili uczci\u0107 to \u015bwi\u0119to wykonuj\u0105c czapki g\u00f3rnicze z kartonu i bibu\u0142y oraz uk\u0142adali z klock\u00f3w lego pozyskanych w ramach programu ,,Laboratoria\u00a0 przysz\u0142o\u015bci\u2019\u2019 atrybuty g\u00f3rnicze. <br>Z wielkim zaanga\u017cowaniem wykonywali tak\u017ce prace plastyczne rysowane w\u0119glem. <br>Starsi wychowankowie wzi\u0119li r\u00f3wnie\u017c udzia\u0142 w quizie ,,Co daje nam w\u0119giel\u2019\u2019 oraz wyszukiwali informacji w Internecie na temat historii patronki g\u00f3rnik\u00f3w \u015aw. Barbary, a wi\u0105\u017ce si\u0119 z ni\u0105 legenda si\u0119gaj\u0105ca III i IV wieku. Zgodnie z legend\u0105 w czasie ucieczki przed okrutnym ojcem, kt\u00f3ry nie zaakceptowa\u0142, \u017ce zmieni\u0142a wiar\u0119 na chrze\u015bcija\u0144sk\u0105, znalaz\u0142a schronienie \u00a0w\u015br\u00f3d ska\u0142. <br>Ska\u0142y rozst\u0105pi\u0142y si\u0119 przed ni\u0105. <br>W\u0142a\u015bnie dlatego wstawiennictwa \u015bwi\u0119tej m\u0119czennicy wypatruj\u0105 g\u00f3rnicy, kt\u00f3rzy na co dzie\u0144 zmagaj\u0105 si\u0119 z niebezpiecze\u0144stwem pod ziemi\u0105. Pod koniec zaj\u0119\u0107 wychowankowie na forum grupy zaprezentowali si\u0119 w zrobionych przez siebie czapkach g\u00f3rniczych.<br>Organizatorzy\/Zdj\u0119cia zrobiono aparatem fotograficznym Canon w ramach programu ,,Laboratoria Przysz\u0142o\u015bci&#8221;: Anna Fr\u0105czkiewicz, Anna Mazur<\/p>\n\n\n\n<figure class=\"wp-block-gallery has-nested-images columns-2 is-cropped wp-block-gallery-1 is-layout-flex wp-block-gallery-is-layout-flex\">\n<figure class=\"wp-block-image size-large\"><img loading=\"lazy\" decoding=\"async\" width=\"640\" height=\"360\" data-id=\"6656\" src=\"http:\/\/www.zssgorkabusko.pl\/wp-content\/uploads\/2022\/12\/20221204_185149.jpg\" alt=\"\" class=\"wp-image-6656\" srcset=\"https:\/\/www.zssgorkabusko.pl\/wp-content\/uploads\/2022\/12\/20221204_185149.jpg 640w, https:\/\/www.zssgorkabusko.pl\/wp-content\/uploads\/2022\/12\/20221204_185149-300x169.jpg 300w\" sizes=\"auto, (max-width: 640px) 100vw, 640px\" \/><\/figure>\n\n\n\n<figure class=\"wp-block-image size-large\"><img loading=\"lazy\" decoding=\"async\" width=\"640\" height=\"360\" data-id=\"6653\" src=\"http:\/\/www.zssgorkabusko.pl\/wp-content\/uploads\/2022\/12\/20221204_185138.jpg\" alt=\"\" class=\"wp-image-6653\" srcset=\"https:\/\/www.zssgorkabusko.pl\/wp-content\/uploads\/2022\/12\/20221204_185138.jpg 640w, https:\/\/www.zssgorkabusko.pl\/wp-content\/uploads\/2022\/12\/20221204_185138-300x169.jpg 300w\" sizes=\"auto, (max-width: 640px) 100vw, 640px\" \/><\/figure>\n\n\n\n<figure class=\"wp-block-image size-large\"><img loading=\"lazy\" decoding=\"async\" width=\"606\" height=\"480\" data-id=\"6658\" src=\"http:\/\/www.zssgorkabusko.pl\/wp-content\/uploads\/2022\/12\/20221205_162136.jpg\" alt=\"\" class=\"wp-image-6658\" srcset=\"https:\/\/www.zssgorkabusko.pl\/wp-content\/uploads\/2022\/12\/20221205_162136.jpg 606w, https:\/\/www.zssgorkabusko.pl\/wp-content\/uploads\/2022\/12\/20221205_162136-300x238.jpg 300w\" sizes=\"auto, (max-width: 606px) 100vw, 606px\" \/><\/figure>\n\n\n\n<figure class=\"wp-block-image size-large\"><img loading=\"lazy\" decoding=\"async\" width=\"640\" height=\"360\" data-id=\"6655\" src=\"http:\/\/www.zssgorkabusko.pl\/wp-content\/uploads\/2022\/12\/20221204_192005-1.jpg\" alt=\"\" class=\"wp-image-6655\" srcset=\"https:\/\/www.zssgorkabusko.pl\/wp-content\/uploads\/2022\/12\/20221204_192005-1.jpg 640w, https:\/\/www.zssgorkabusko.pl\/wp-content\/uploads\/2022\/12\/20221204_192005-1-300x169.jpg 300w\" sizes=\"auto, (max-width: 640px) 100vw, 640px\" \/><\/figure>\n\n\n\n<figure class=\"wp-block-image size-large\"><img loading=\"lazy\" decoding=\"async\" width=\"640\" height=\"239\" data-id=\"6657\" src=\"http:\/\/www.zssgorkabusko.pl\/wp-content\/uploads\/2022\/12\/20221205_163256-1.jpg\" alt=\"\" class=\"wp-image-6657\" srcset=\"https:\/\/www.zssgorkabusko.pl\/wp-content\/uploads\/2022\/12\/20221205_163256-1.jpg 640w, https:\/\/www.zssgorkabusko.pl\/wp-content\/uploads\/2022\/12\/20221205_163256-1-300x112.jpg 300w\" sizes=\"auto, (max-width: 640px) 100vw, 640px\" \/><\/figure>\n\n\n\n<figure class=\"wp-block-image size-large\"><img loading=\"lazy\" decoding=\"async\" width=\"640\" height=\"360\" data-id=\"6654\" src=\"http:\/\/www.zssgorkabusko.pl\/wp-content\/uploads\/2022\/12\/20221204_191858-1.jpg\" alt=\"\" class=\"wp-image-6654\" srcset=\"https:\/\/www.zssgorkabusko.pl\/wp-content\/uploads\/2022\/12\/20221204_191858-1.jpg 640w, https:\/\/www.zssgorkabusko.pl\/wp-content\/uploads\/2022\/12\/20221204_191858-1-300x169.jpg 300w\" sizes=\"auto, (max-width: 640px) 100vw, 640px\" \/><\/figure>\n<\/figure>\n","protected":false},"excerpt":{"rendered":"<p>Barb\u00f3rka 2022 w tym roku przypada w niedziel\u0119 4 grudnia. To nie tylko imieniny \u015bwi\u0119tej Barbary, lecz tak\u017ce \u015bwi\u0119to g\u00f3rnik\u00f3w . Wychowankowie specjalnych grup wychowawczych postanowili uczci\u0107 to \u015bwi\u0119to wykonuj\u0105c czapki g\u00f3rnicze z kartonu i bibu\u0142y oraz uk\u0142adali z klock\u00f3w lego pozyskanych w ramach programu ,,Laboratoria\u00a0 przysz\u0142o\u015bci\u2019\u2019 atrybuty g\u00f3rnicze. Z wielkim zaanga\u017cowaniem wykonywali tak\u017ce prace &#8230; <a title=\"BARB\u00d3RKA -\u015aWI\u0118TO G\u00d3RNIK\u00d3W\" class=\"read-more\" href=\"https:\/\/www.zssgorkabusko.pl\/index.php\/2022\/12\/08\/barborka-swieto-gornikow\/\" aria-label=\"Dowiedz si\u0119 wi\u0119cej o BARB\u00d3RKA -\u015aWI\u0118TO G\u00d3RNIK\u00d3W\">Dowiedz si\u0119 wi\u0119cej<\/a><\/p>\n","protected":false},"author":2,"featured_media":0,"comment_status":"closed","ping_status":"open","sticky":false,"template":"","format":"standard","meta":{"ngg_post_thumbnail":0,"footnotes":""},"categories":[1],"tags":[],"class_list":["post-6645","post","type-post","status-publish","format-standard","hentry","category-bez-kategorii"],"_links":{"self":[{"href":"https:\/\/www.zssgorkabusko.pl\/index.php\/wp-json\/wp\/v2\/posts\/6645","targetHints":{"allow":["GET"]}}],"collection":[{"href":"https:\/\/www.zssgorkabusko.pl\/index.php\/wp-json\/wp\/v2\/posts"}],"about":[{"href":"https:\/\/www.zssgorkabusko.pl\/index.php\/wp-json\/wp\/v2\/types\/post"}],"author":[{"embeddable":true,"href":"https:\/\/www.zssgorkabusko.pl\/index.php\/wp-json\/wp\/v2\/users\/2"}],"replies":[{"embeddable":true,"href":"https:\/\/www.zssgorkabusko.pl\/index.php\/wp-json\/wp\/v2\/comments?post=6645"}],"version-history":[{"count":8,"href":"https:\/\/www.zssgorkabusko.pl\/index.php\/wp-json\/wp\/v2\/posts\/6645\/revisions"}],"predecessor-version":[{"id":6659,"href":"https:\/\/www.zssgorkabusko.pl\/index.php\/wp-json\/wp\/v2\/posts\/6645\/revisions\/6659"}],"wp:attachment":[{"href":"https:\/\/www.zssgorkabusko.pl\/index.php\/wp-json\/wp\/v2\/media?parent=6645"}],"wp:term":[{"taxonomy":"category","embeddable":true,"href":"https:\/\/www.zssgorkabusko.pl\/index.php\/wp-json\/wp\/v2\/categories?post=6645"},{"taxonomy":"post_tag","embeddable":true,"href":"https:\/\/www.zssgorkabusko.pl\/index.php\/wp-json\/wp\/v2\/tags?post=6645"}],"curies":[{"name":"wp","href":"https:\/\/api.w.org\/{rel}","templated":true}]}}