{"id":6724,"date":"2023-01-02T21:03:52","date_gmt":"2023-01-02T20:03:52","guid":{"rendered":"http:\/\/www.zssgorkabusko.pl\/?p=6724"},"modified":"2023-01-02T21:03:52","modified_gmt":"2023-01-02T20:03:52","slug":"wieczor-wigilijny-2","status":"publish","type":"post","link":"https:\/\/www.zssgorkabusko.pl\/index.php\/2023\/01\/02\/wieczor-wigilijny-2\/","title":{"rendered":"WIECZ\u00d3R WIGILIJNY"},"content":{"rendered":"\n<p><em><strong>,,Jest taki dzie\u0144, bardzo ciep\u0142y cho\u0107 grudniowy,<br>Dzie\u0144, zwyk\u0142y dzie\u0144, kt\u00f3ry liczy si\u0119 od zmroku\u2026.<\/strong><\/em>&#8221;<\/p>\n\n\n\n<p>W dniu 19.12.2022r. w naszej szkole odby\u0142o si\u0119 spotkanie wigilijne. Podczas wieczoru wychowankowie w kr\u00f3tkiej inscenizacji s\u0142owno-muzycznej przypomnieli tradycje zwi\u0105zane <br>z obchodami \u015bwi\u0105t Bo\u017cego Narodzenia. Ciekawostki dotyczy\u0142y starodawnej wigilii, kol\u0119d <br>oraz choinki. Kol\u0119dowanie oraz dzielenie si\u0119 op\u0142atkiem wprowadzi\u0142o wszystkich w magiczny nastr\u00f3j \u015bwi\u0105t. Wsp\u00f3lnie sp\u0119dzony czas, to chwile pe\u0142ne wzrusze\u0144 i dobrych \u017cycze\u0144.<\/p>\n\n\n\n<p>Organizator\/Zdj\u0119cia wykonano aparatem fotograficznym Canon w ramach programu ,,Laboratoria Przysz\u0142o\u015bci&#8221;: A. Mazur, A. Fr\u0105czkiewicz, M. Karpowicz, D. J\u00f3zefiak, I. Klepka, <br>B. Bitner-Sarna, M. Kwa\u015bniewski<\/p>\n\n\n\n<figure class=\"wp-block-gallery has-nested-images columns-1 is-cropped wp-block-gallery-1 is-layout-flex wp-block-gallery-is-layout-flex\">\n<figure class=\"wp-block-image size-large\"><img loading=\"lazy\" decoding=\"async\" width=\"640\" height=\"376\" data-id=\"6734\" src=\"http:\/\/www.zssgorkabusko.pl\/wp-content\/uploads\/2023\/01\/IMG_2978.jpg\" alt=\"\" class=\"wp-image-6734\" srcset=\"https:\/\/www.zssgorkabusko.pl\/wp-content\/uploads\/2023\/01\/IMG_2978.jpg 640w, https:\/\/www.zssgorkabusko.pl\/wp-content\/uploads\/2023\/01\/IMG_2978-300x176.jpg 300w\" sizes=\"auto, (max-width: 640px) 100vw, 640px\" \/><\/figure>\n\n\n\n<figure class=\"wp-block-image size-large\"><img loading=\"lazy\" decoding=\"async\" width=\"640\" height=\"366\" data-id=\"6731\" src=\"http:\/\/www.zssgorkabusko.pl\/wp-content\/uploads\/2023\/01\/IMG_2979.jpg\" alt=\"\" class=\"wp-image-6731\" srcset=\"https:\/\/www.zssgorkabusko.pl\/wp-content\/uploads\/2023\/01\/IMG_2979.jpg 640w, https:\/\/www.zssgorkabusko.pl\/wp-content\/uploads\/2023\/01\/IMG_2979-300x172.jpg 300w\" sizes=\"auto, (max-width: 640px) 100vw, 640px\" \/><\/figure>\n\n\n\n<figure class=\"wp-block-image size-large\"><img loading=\"lazy\" decoding=\"async\" width=\"480\" height=\"480\" data-id=\"6732\" src=\"http:\/\/www.zssgorkabusko.pl\/wp-content\/uploads\/2023\/01\/IMG_20221219_160541.jpg\" alt=\"\" class=\"wp-image-6732\" srcset=\"https:\/\/www.zssgorkabusko.pl\/wp-content\/uploads\/2023\/01\/IMG_20221219_160541.jpg 480w, https:\/\/www.zssgorkabusko.pl\/wp-content\/uploads\/2023\/01\/IMG_20221219_160541-300x300.jpg 300w, https:\/\/www.zssgorkabusko.pl\/wp-content\/uploads\/2023\/01\/IMG_20221219_160541-150x150.jpg 150w\" sizes=\"auto, (max-width: 480px) 100vw, 480px\" \/><\/figure>\n\n\n\n<figure class=\"wp-block-image size-large\"><img loading=\"lazy\" decoding=\"async\" width=\"581\" height=\"480\" data-id=\"6733\" src=\"http:\/\/www.zssgorkabusko.pl\/wp-content\/uploads\/2023\/01\/IMG_20221219_171035.jpg\" alt=\"\" class=\"wp-image-6733\" srcset=\"https:\/\/www.zssgorkabusko.pl\/wp-content\/uploads\/2023\/01\/IMG_20221219_171035.jpg 581w, https:\/\/www.zssgorkabusko.pl\/wp-content\/uploads\/2023\/01\/IMG_20221219_171035-300x248.jpg 300w\" sizes=\"auto, (max-width: 581px) 100vw, 581px\" \/><\/figure>\n\n\n\n<figure class=\"wp-block-image size-large\"><img loading=\"lazy\" decoding=\"async\" width=\"640\" height=\"452\" data-id=\"6735\" src=\"http:\/\/www.zssgorkabusko.pl\/wp-content\/uploads\/2023\/01\/IMG_20221219_171124.jpg\" alt=\"\" class=\"wp-image-6735\" srcset=\"https:\/\/www.zssgorkabusko.pl\/wp-content\/uploads\/2023\/01\/IMG_20221219_171124.jpg 640w, https:\/\/www.zssgorkabusko.pl\/wp-content\/uploads\/2023\/01\/IMG_20221219_171124-300x212.jpg 300w\" sizes=\"auto, (max-width: 640px) 100vw, 640px\" \/><\/figure>\n<\/figure>\n","protected":false},"excerpt":{"rendered":"<p>,,Jest taki dzie\u0144, bardzo ciep\u0142y cho\u0107 grudniowy,Dzie\u0144, zwyk\u0142y dzie\u0144, kt\u00f3ry liczy si\u0119 od zmroku\u2026.&#8221; W dniu 19.12.2022r. w naszej szkole odby\u0142o si\u0119 spotkanie wigilijne. Podczas wieczoru wychowankowie w kr\u00f3tkiej inscenizacji s\u0142owno-muzycznej przypomnieli tradycje zwi\u0105zane z obchodami \u015bwi\u0105t Bo\u017cego Narodzenia. Ciekawostki dotyczy\u0142y starodawnej wigilii, kol\u0119d oraz choinki. Kol\u0119dowanie oraz dzielenie si\u0119 op\u0142atkiem wprowadzi\u0142o wszystkich w magiczny &#8230; <a title=\"WIECZ\u00d3R WIGILIJNY\" class=\"read-more\" href=\"https:\/\/www.zssgorkabusko.pl\/index.php\/2023\/01\/02\/wieczor-wigilijny-2\/\" aria-label=\"Dowiedz si\u0119 wi\u0119cej o WIECZ\u00d3R WIGILIJNY\">Dowiedz si\u0119 wi\u0119cej<\/a><\/p>\n","protected":false},"author":2,"featured_media":0,"comment_status":"closed","ping_status":"open","sticky":false,"template":"","format":"standard","meta":{"ngg_post_thumbnail":0,"footnotes":""},"categories":[1],"tags":[],"class_list":["post-6724","post","type-post","status-publish","format-standard","hentry","category-bez-kategorii"],"_links":{"self":[{"href":"https:\/\/www.zssgorkabusko.pl\/index.php\/wp-json\/wp\/v2\/posts\/6724","targetHints":{"allow":["GET"]}}],"collection":[{"href":"https:\/\/www.zssgorkabusko.pl\/index.php\/wp-json\/wp\/v2\/posts"}],"about":[{"href":"https:\/\/www.zssgorkabusko.pl\/index.php\/wp-json\/wp\/v2\/types\/post"}],"author":[{"embeddable":true,"href":"https:\/\/www.zssgorkabusko.pl\/index.php\/wp-json\/wp\/v2\/users\/2"}],"replies":[{"embeddable":true,"href":"https:\/\/www.zssgorkabusko.pl\/index.php\/wp-json\/wp\/v2\/comments?post=6724"}],"version-history":[{"count":8,"href":"https:\/\/www.zssgorkabusko.pl\/index.php\/wp-json\/wp\/v2\/posts\/6724\/revisions"}],"predecessor-version":[{"id":6737,"href":"https:\/\/www.zssgorkabusko.pl\/index.php\/wp-json\/wp\/v2\/posts\/6724\/revisions\/6737"}],"wp:attachment":[{"href":"https:\/\/www.zssgorkabusko.pl\/index.php\/wp-json\/wp\/v2\/media?parent=6724"}],"wp:term":[{"taxonomy":"category","embeddable":true,"href":"https:\/\/www.zssgorkabusko.pl\/index.php\/wp-json\/wp\/v2\/categories?post=6724"},{"taxonomy":"post_tag","embeddable":true,"href":"https:\/\/www.zssgorkabusko.pl\/index.php\/wp-json\/wp\/v2\/tags?post=6724"}],"curies":[{"name":"wp","href":"https:\/\/api.w.org\/{rel}","templated":true}]}}