{"id":6868,"date":"2023-01-28T09:38:57","date_gmt":"2023-01-28T08:38:57","guid":{"rendered":"http:\/\/www.zssgorkabusko.pl\/?p=6868"},"modified":"2023-01-28T09:38:58","modified_gmt":"2023-01-28T08:38:58","slug":"dzien-babci-i-dziadka","status":"publish","type":"post","link":"https:\/\/www.zssgorkabusko.pl\/index.php\/2023\/01\/28\/dzien-babci-i-dziadka\/","title":{"rendered":"DZIE\u0143 BABCI I DZIADKA"},"content":{"rendered":"\n<p><em>O babci w dniu jej \u015bwi\u0119ta<br>Ka\u017cdy wnuczek pami\u0119ta.<br>Spieszy ju\u017c z \u017cyczeniami,<br>Ca\u0142usem i kwiatami.<br>\u017byczy jej zdrowia i rado\u015bci,<br>U\u015bmiechu i pomy\u015blno\u015bci.<br>By \u017cy\u0142a ponad sto lat,<br>A nawet tyle, co istnieje \u015bwiat!<\/em><\/p>\n\n\n\n<p>21 i 22 stycznia to wyj\u0105tkowe dni w kalendarzu. W tych dniach wszystkie wnuki bez wzgl\u0119du <br>na wiek staraj\u0105 si\u0119 pami\u0119ta\u0107 o swoich babciach i dziadkach.\u00a0 Od maluszk\u00f3w s\u0105 laurki, <br>od starszych wymy\u015blne prezenty, jednak najwa\u017cniejsza jest pami\u0119\u0107.<br>Nasi wychowankowie w tym szczeg\u00f3lnych dniach przygotowywali laurki dla swoich bab\u0107 <br>i dziadk\u00f3w. Stworzyli wystaw\u0119 przepi\u0119knych portret\u00f3w, a wykorzystuj\u0105c klocki LEGO z programu ,,Laboratoria Przysz\u0142o\u015bci&#8221; budowali dla nich kwiatki i inne prezenty. Powsta\u0142a tak\u017ce autorska piosenka. Wykonane prace zawis\u0142y na tablicy tworz\u0105c gazetk\u0119 okoliczno\u015bciow\u0105. <br>\u017byczenia pop\u0142yn\u0119\u0142y z g\u0142\u0119bi m\u0142odych serc.<br>Organizator\/Zdj\u0119cia wykonano aparatem Canon w ramach programu ,,Laboratoria Przysz\u0142o\u015bci&#8221;: D. J\u00f3zefiak, M. Kwa\u015bniewski<\/p>\n\n\n\n<figure class=\"wp-block-gallery has-nested-images columns-default is-cropped wp-block-gallery-1 is-layout-flex wp-block-gallery-is-layout-flex\">\n<figure class=\"wp-block-image size-large\"><img loading=\"lazy\" decoding=\"async\" width=\"480\" height=\"633\" data-id=\"6881\" src=\"http:\/\/www.zssgorkabusko.pl\/wp-content\/uploads\/2023\/01\/IMG_20230122_165939.jpg\" alt=\"\" class=\"wp-image-6881\" srcset=\"https:\/\/www.zssgorkabusko.pl\/wp-content\/uploads\/2023\/01\/IMG_20230122_165939.jpg 480w, https:\/\/www.zssgorkabusko.pl\/wp-content\/uploads\/2023\/01\/IMG_20230122_165939-227x300.jpg 227w\" sizes=\"auto, (max-width: 480px) 100vw, 480px\" \/><\/figure>\n\n\n\n<figure class=\"wp-block-image size-large\"><img loading=\"lazy\" decoding=\"async\" width=\"480\" height=\"631\" data-id=\"6879\" src=\"http:\/\/www.zssgorkabusko.pl\/wp-content\/uploads\/2023\/01\/IMG_20230122_170133.jpg\" alt=\"\" class=\"wp-image-6879\" srcset=\"https:\/\/www.zssgorkabusko.pl\/wp-content\/uploads\/2023\/01\/IMG_20230122_170133.jpg 480w, https:\/\/www.zssgorkabusko.pl\/wp-content\/uploads\/2023\/01\/IMG_20230122_170133-228x300.jpg 228w\" sizes=\"auto, (max-width: 480px) 100vw, 480px\" \/><\/figure>\n\n\n\n<figure class=\"wp-block-image size-large\"><img loading=\"lazy\" decoding=\"async\" width=\"397\" height=\"640\" data-id=\"6880\" src=\"http:\/\/www.zssgorkabusko.pl\/wp-content\/uploads\/2023\/01\/IMG_20230122_170100.jpg\" alt=\"\" class=\"wp-image-6880\" srcset=\"https:\/\/www.zssgorkabusko.pl\/wp-content\/uploads\/2023\/01\/IMG_20230122_170100.jpg 397w, https:\/\/www.zssgorkabusko.pl\/wp-content\/uploads\/2023\/01\/IMG_20230122_170100-186x300.jpg 186w\" sizes=\"auto, (max-width: 397px) 100vw, 397px\" \/><\/figure>\n\n\n\n<figure class=\"wp-block-image size-large\"><img loading=\"lazy\" decoding=\"async\" width=\"480\" height=\"480\" data-id=\"6878\" src=\"http:\/\/www.zssgorkabusko.pl\/wp-content\/uploads\/2023\/01\/IMG_20230122_182913.jpg\" alt=\"\" class=\"wp-image-6878\" srcset=\"https:\/\/www.zssgorkabusko.pl\/wp-content\/uploads\/2023\/01\/IMG_20230122_182913.jpg 480w, https:\/\/www.zssgorkabusko.pl\/wp-content\/uploads\/2023\/01\/IMG_20230122_182913-300x300.jpg 300w, https:\/\/www.zssgorkabusko.pl\/wp-content\/uploads\/2023\/01\/IMG_20230122_182913-150x150.jpg 150w\" sizes=\"auto, (max-width: 480px) 100vw, 480px\" \/><\/figure>\n\n\n\n<figure class=\"wp-block-image size-large\"><img loading=\"lazy\" decoding=\"async\" width=\"480\" height=\"480\" data-id=\"6882\" src=\"http:\/\/www.zssgorkabusko.pl\/wp-content\/uploads\/2023\/01\/IMG_20230122_153941.jpg\" alt=\"\" class=\"wp-image-6882\" srcset=\"https:\/\/www.zssgorkabusko.pl\/wp-content\/uploads\/2023\/01\/IMG_20230122_153941.jpg 480w, https:\/\/www.zssgorkabusko.pl\/wp-content\/uploads\/2023\/01\/IMG_20230122_153941-300x300.jpg 300w, https:\/\/www.zssgorkabusko.pl\/wp-content\/uploads\/2023\/01\/IMG_20230122_153941-150x150.jpg 150w\" sizes=\"auto, (max-width: 480px) 100vw, 480px\" \/><\/figure>\n<\/figure>\n","protected":false},"excerpt":{"rendered":"<p>O babci w dniu jej \u015bwi\u0119taKa\u017cdy wnuczek pami\u0119ta.Spieszy ju\u017c z \u017cyczeniami,Ca\u0142usem i kwiatami.\u017byczy jej zdrowia i rado\u015bci,U\u015bmiechu i pomy\u015blno\u015bci.By \u017cy\u0142a ponad sto lat,A nawet tyle, co istnieje \u015bwiat! 21 i 22 stycznia to wyj\u0105tkowe dni w kalendarzu. W tych dniach wszystkie wnuki bez wzgl\u0119du na wiek staraj\u0105 si\u0119 pami\u0119ta\u0107 o swoich babciach i dziadkach.\u00a0 Od &#8230; <a title=\"DZIE\u0143 BABCI I DZIADKA\" class=\"read-more\" href=\"https:\/\/www.zssgorkabusko.pl\/index.php\/2023\/01\/28\/dzien-babci-i-dziadka\/\" aria-label=\"Dowiedz si\u0119 wi\u0119cej o DZIE\u0143 BABCI I DZIADKA\">Dowiedz si\u0119 wi\u0119cej<\/a><\/p>\n","protected":false},"author":2,"featured_media":0,"comment_status":"closed","ping_status":"open","sticky":false,"template":"","format":"standard","meta":{"ngg_post_thumbnail":0,"footnotes":""},"categories":[1],"tags":[],"class_list":["post-6868","post","type-post","status-publish","format-standard","hentry","category-bez-kategorii"],"_links":{"self":[{"href":"https:\/\/www.zssgorkabusko.pl\/index.php\/wp-json\/wp\/v2\/posts\/6868","targetHints":{"allow":["GET"]}}],"collection":[{"href":"https:\/\/www.zssgorkabusko.pl\/index.php\/wp-json\/wp\/v2\/posts"}],"about":[{"href":"https:\/\/www.zssgorkabusko.pl\/index.php\/wp-json\/wp\/v2\/types\/post"}],"author":[{"embeddable":true,"href":"https:\/\/www.zssgorkabusko.pl\/index.php\/wp-json\/wp\/v2\/users\/2"}],"replies":[{"embeddable":true,"href":"https:\/\/www.zssgorkabusko.pl\/index.php\/wp-json\/wp\/v2\/comments?post=6868"}],"version-history":[{"count":10,"href":"https:\/\/www.zssgorkabusko.pl\/index.php\/wp-json\/wp\/v2\/posts\/6868\/revisions"}],"predecessor-version":[{"id":6883,"href":"https:\/\/www.zssgorkabusko.pl\/index.php\/wp-json\/wp\/v2\/posts\/6868\/revisions\/6883"}],"wp:attachment":[{"href":"https:\/\/www.zssgorkabusko.pl\/index.php\/wp-json\/wp\/v2\/media?parent=6868"}],"wp:term":[{"taxonomy":"category","embeddable":true,"href":"https:\/\/www.zssgorkabusko.pl\/index.php\/wp-json\/wp\/v2\/categories?post=6868"},{"taxonomy":"post_tag","embeddable":true,"href":"https:\/\/www.zssgorkabusko.pl\/index.php\/wp-json\/wp\/v2\/tags?post=6868"}],"curies":[{"name":"wp","href":"https:\/\/api.w.org\/{rel}","templated":true}]}}