{"id":7052,"date":"2023-02-19T08:44:33","date_gmt":"2023-02-19T07:44:33","guid":{"rendered":"http:\/\/www.zssgorkabusko.pl\/?p=7052"},"modified":"2023-02-20T21:38:44","modified_gmt":"2023-02-20T20:38:44","slug":"swiatowy-dzien-wieloryba-2","status":"publish","type":"post","link":"https:\/\/www.zssgorkabusko.pl\/index.php\/2023\/02\/19\/swiatowy-dzien-wieloryba-2\/","title":{"rendered":"\u015aWIATOWY DZIE\u0143 WIELORYBA"},"content":{"rendered":"\n<p>W dniu 15. 02. na zaj\u0119ciach wychowawczych uczniowie wykonywali prace po\u015bwi\u0119cone<br>\u201e\u015awiatowemu Dniu Wieloryba\u201d. Nasi podopieczni r\u00f3\u017cnymi technikami plastycznymi <br>(wydzieranka, wyklejanka, kola\u017c) wykonali ilustracje, kt\u00f3re pokazuj\u0105 posta\u0107 wieloryba w r\u00f3\u017cnych sytuacjach, a tak\u017ce w jego naturalnym \u015brodowisku czyli oceanie. Prace wychowank\u00f3w zosta\u0142y wyeksponowane na \u015bwietlicy.<br>Organizator\/ Zdj\u0119cia wykonano aparatem fotograficznym Canon w ramach programu ,,Laboratoria Przysz\u0142o\u015bci&#8221;: Iwona Klepka, Ewa Tomala<\/p>\n\n\n\n<figure class=\"wp-block-gallery has-nested-images columns-2 is-cropped wp-block-gallery-1 is-layout-flex wp-block-gallery-is-layout-flex\">\n<figure class=\"wp-block-image size-large\"><img loading=\"lazy\" decoding=\"async\" width=\"480\" height=\"640\" data-id=\"7053\" src=\"http:\/\/www.zssgorkabusko.pl\/wp-content\/uploads\/2023\/02\/331229441_1355810045206551_4694853080829641991_n.jpg\" alt=\"\" class=\"wp-image-7053\" srcset=\"https:\/\/www.zssgorkabusko.pl\/wp-content\/uploads\/2023\/02\/331229441_1355810045206551_4694853080829641991_n.jpg 480w, https:\/\/www.zssgorkabusko.pl\/wp-content\/uploads\/2023\/02\/331229441_1355810045206551_4694853080829641991_n-225x300.jpg 225w\" sizes=\"auto, (max-width: 480px) 100vw, 480px\" \/><\/figure>\n\n\n\n<figure class=\"wp-block-image size-large\"><img loading=\"lazy\" decoding=\"async\" width=\"480\" height=\"640\" data-id=\"7055\" src=\"http:\/\/www.zssgorkabusko.pl\/wp-content\/uploads\/2023\/02\/331245533_1304306236802838_9099771558418520154_n.jpg\" alt=\"\" class=\"wp-image-7055\" srcset=\"https:\/\/www.zssgorkabusko.pl\/wp-content\/uploads\/2023\/02\/331245533_1304306236802838_9099771558418520154_n.jpg 480w, https:\/\/www.zssgorkabusko.pl\/wp-content\/uploads\/2023\/02\/331245533_1304306236802838_9099771558418520154_n-225x300.jpg 225w\" sizes=\"auto, (max-width: 480px) 100vw, 480px\" \/><\/figure>\n\n\n\n<figure class=\"wp-block-image size-large\"><img loading=\"lazy\" decoding=\"async\" width=\"480\" height=\"485\" data-id=\"7054\" src=\"http:\/\/www.zssgorkabusko.pl\/wp-content\/uploads\/2023\/02\/331275179_1312893135921483_7316837362387904783_n.jpg\" alt=\"\" class=\"wp-image-7054\" srcset=\"https:\/\/www.zssgorkabusko.pl\/wp-content\/uploads\/2023\/02\/331275179_1312893135921483_7316837362387904783_n.jpg 480w, https:\/\/www.zssgorkabusko.pl\/wp-content\/uploads\/2023\/02\/331275179_1312893135921483_7316837362387904783_n-297x300.jpg 297w\" sizes=\"auto, (max-width: 480px) 100vw, 480px\" \/><\/figure>\n<\/figure>\n","protected":false},"excerpt":{"rendered":"<p>W dniu 15. 02. na zaj\u0119ciach wychowawczych uczniowie wykonywali prace po\u015bwi\u0119cone\u201e\u015awiatowemu Dniu Wieloryba\u201d. Nasi podopieczni r\u00f3\u017cnymi technikami plastycznymi (wydzieranka, wyklejanka, kola\u017c) wykonali ilustracje, kt\u00f3re pokazuj\u0105 posta\u0107 wieloryba w r\u00f3\u017cnych sytuacjach, a tak\u017ce w jego naturalnym \u015brodowisku czyli oceanie. Prace wychowank\u00f3w zosta\u0142y wyeksponowane na \u015bwietlicy.Organizator\/ Zdj\u0119cia wykonano aparatem fotograficznym Canon w ramach programu ,,Laboratoria Przysz\u0142o\u015bci&#8221;: Iwona &#8230; <a title=\"\u015aWIATOWY DZIE\u0143 WIELORYBA\" class=\"read-more\" href=\"https:\/\/www.zssgorkabusko.pl\/index.php\/2023\/02\/19\/swiatowy-dzien-wieloryba-2\/\" aria-label=\"Dowiedz si\u0119 wi\u0119cej o \u015aWIATOWY DZIE\u0143 WIELORYBA\">Dowiedz si\u0119 wi\u0119cej<\/a><\/p>\n","protected":false},"author":2,"featured_media":0,"comment_status":"closed","ping_status":"open","sticky":false,"template":"","format":"standard","meta":{"ngg_post_thumbnail":0,"footnotes":""},"categories":[1],"tags":[],"class_list":["post-7052","post","type-post","status-publish","format-standard","hentry","category-bez-kategorii"],"_links":{"self":[{"href":"https:\/\/www.zssgorkabusko.pl\/index.php\/wp-json\/wp\/v2\/posts\/7052","targetHints":{"allow":["GET"]}}],"collection":[{"href":"https:\/\/www.zssgorkabusko.pl\/index.php\/wp-json\/wp\/v2\/posts"}],"about":[{"href":"https:\/\/www.zssgorkabusko.pl\/index.php\/wp-json\/wp\/v2\/types\/post"}],"author":[{"embeddable":true,"href":"https:\/\/www.zssgorkabusko.pl\/index.php\/wp-json\/wp\/v2\/users\/2"}],"replies":[{"embeddable":true,"href":"https:\/\/www.zssgorkabusko.pl\/index.php\/wp-json\/wp\/v2\/comments?post=7052"}],"version-history":[{"count":2,"href":"https:\/\/www.zssgorkabusko.pl\/index.php\/wp-json\/wp\/v2\/posts\/7052\/revisions"}],"predecessor-version":[{"id":7082,"href":"https:\/\/www.zssgorkabusko.pl\/index.php\/wp-json\/wp\/v2\/posts\/7052\/revisions\/7082"}],"wp:attachment":[{"href":"https:\/\/www.zssgorkabusko.pl\/index.php\/wp-json\/wp\/v2\/media?parent=7052"}],"wp:term":[{"taxonomy":"category","embeddable":true,"href":"https:\/\/www.zssgorkabusko.pl\/index.php\/wp-json\/wp\/v2\/categories?post=7052"},{"taxonomy":"post_tag","embeddable":true,"href":"https:\/\/www.zssgorkabusko.pl\/index.php\/wp-json\/wp\/v2\/tags?post=7052"}],"curies":[{"name":"wp","href":"https:\/\/api.w.org\/{rel}","templated":true}]}}