{"id":7139,"date":"2023-03-12T11:39:30","date_gmt":"2023-03-12T10:39:30","guid":{"rendered":"http:\/\/www.zssgorkabusko.pl\/?p=7139"},"modified":"2023-03-12T11:39:31","modified_gmt":"2023-03-12T10:39:31","slug":"ogolnopolski-dzien-dentysty","status":"publish","type":"post","link":"https:\/\/www.zssgorkabusko.pl\/index.php\/2023\/03\/12\/ogolnopolski-dzien-dentysty\/","title":{"rendered":"OG\u00d3LNOPOLSKI DZIE\u0143 DENTYSTY"},"content":{"rendered":"\n<p>5 marca wychowankowie specjalnych grup wychowawczych obchodzili Og\u00f3lnopolski <br>Dzie\u0144 Dentysty, kt\u00f3rego celem jest nie tylko docenienie i uhonorowanie pracy stomatolog\u00f3w, <br>ale te\u017c podkre\u015blenie potrzeby leczenia jamy ustnej i dbania o zdrowy, pi\u0119kny u\u015bmiech. <br>Z tej to okazji wychowankowie utrwalili zasady dbania o higien\u0119 jamy ustnej, ogl\u0105dali filmy edukacyjne, a swoje wiadomo\u015bci mogli sprawdzi\u0107 rozwi\u0105zuj\u0105c rebusy i krzy\u017c\u00f3wki. <br>Na zako\u0144czenie zaj\u0119\u0107 wykonali prace plastyczne.<br>Organizatorzy\/Zdj\u0119cia wykonano aparatem fotograficznym Canon w ramach programu ,,Laboratoria Przysz\u0142o\u015bci:\u00a0Marta\u00a0Karpowicz,\u00a0Anna\u00a0Fr\u0105czkiewicz<\/p>\n\n\n\n<figure class=\"wp-block-gallery has-nested-images columns-1 is-cropped wp-block-gallery-1 is-layout-flex wp-block-gallery-is-layout-flex\">\n<figure class=\"wp-block-image size-large\"><img loading=\"lazy\" decoding=\"async\" width=\"638\" height=\"480\" data-id=\"7143\" src=\"http:\/\/www.zssgorkabusko.pl\/wp-content\/uploads\/2023\/03\/333719433_108718585495331_6701883727265703513_n.jpg\" alt=\"\" class=\"wp-image-7143\" srcset=\"https:\/\/www.zssgorkabusko.pl\/wp-content\/uploads\/2023\/03\/333719433_108718585495331_6701883727265703513_n.jpg 638w, https:\/\/www.zssgorkabusko.pl\/wp-content\/uploads\/2023\/03\/333719433_108718585495331_6701883727265703513_n-300x226.jpg 300w\" sizes=\"auto, (max-width: 638px) 100vw, 638px\" \/><\/figure>\n\n\n\n<figure class=\"wp-block-image size-large\"><img loading=\"lazy\" decoding=\"async\" width=\"480\" height=\"638\" data-id=\"7144\" src=\"http:\/\/www.zssgorkabusko.pl\/wp-content\/uploads\/2023\/03\/332904513_219390237305437_5488175935915434387_n.jpg\" alt=\"\" class=\"wp-image-7144\" srcset=\"https:\/\/www.zssgorkabusko.pl\/wp-content\/uploads\/2023\/03\/332904513_219390237305437_5488175935915434387_n.jpg 480w, https:\/\/www.zssgorkabusko.pl\/wp-content\/uploads\/2023\/03\/332904513_219390237305437_5488175935915434387_n-226x300.jpg 226w\" sizes=\"auto, (max-width: 480px) 100vw, 480px\" \/><\/figure>\n<\/figure>\n","protected":false},"excerpt":{"rendered":"<p>5 marca wychowankowie specjalnych grup wychowawczych obchodzili Og\u00f3lnopolski Dzie\u0144 Dentysty, kt\u00f3rego celem jest nie tylko docenienie i uhonorowanie pracy stomatolog\u00f3w, ale te\u017c podkre\u015blenie potrzeby leczenia jamy ustnej i dbania o zdrowy, pi\u0119kny u\u015bmiech. Z tej to okazji wychowankowie utrwalili zasady dbania o higien\u0119 jamy ustnej, ogl\u0105dali filmy edukacyjne, a swoje wiadomo\u015bci mogli sprawdzi\u0107 rozwi\u0105zuj\u0105c rebusy &#8230; <a title=\"OG\u00d3LNOPOLSKI DZIE\u0143 DENTYSTY\" class=\"read-more\" href=\"https:\/\/www.zssgorkabusko.pl\/index.php\/2023\/03\/12\/ogolnopolski-dzien-dentysty\/\" aria-label=\"Dowiedz si\u0119 wi\u0119cej o OG\u00d3LNOPOLSKI DZIE\u0143 DENTYSTY\">Dowiedz si\u0119 wi\u0119cej<\/a><\/p>\n","protected":false},"author":2,"featured_media":0,"comment_status":"closed","ping_status":"open","sticky":false,"template":"","format":"standard","meta":{"ngg_post_thumbnail":0,"footnotes":""},"categories":[1],"tags":[],"class_list":["post-7139","post","type-post","status-publish","format-standard","hentry","category-bez-kategorii"],"_links":{"self":[{"href":"https:\/\/www.zssgorkabusko.pl\/index.php\/wp-json\/wp\/v2\/posts\/7139","targetHints":{"allow":["GET"]}}],"collection":[{"href":"https:\/\/www.zssgorkabusko.pl\/index.php\/wp-json\/wp\/v2\/posts"}],"about":[{"href":"https:\/\/www.zssgorkabusko.pl\/index.php\/wp-json\/wp\/v2\/types\/post"}],"author":[{"embeddable":true,"href":"https:\/\/www.zssgorkabusko.pl\/index.php\/wp-json\/wp\/v2\/users\/2"}],"replies":[{"embeddable":true,"href":"https:\/\/www.zssgorkabusko.pl\/index.php\/wp-json\/wp\/v2\/comments?post=7139"}],"version-history":[{"count":4,"href":"https:\/\/www.zssgorkabusko.pl\/index.php\/wp-json\/wp\/v2\/posts\/7139\/revisions"}],"predecessor-version":[{"id":7145,"href":"https:\/\/www.zssgorkabusko.pl\/index.php\/wp-json\/wp\/v2\/posts\/7139\/revisions\/7145"}],"wp:attachment":[{"href":"https:\/\/www.zssgorkabusko.pl\/index.php\/wp-json\/wp\/v2\/media?parent=7139"}],"wp:term":[{"taxonomy":"category","embeddable":true,"href":"https:\/\/www.zssgorkabusko.pl\/index.php\/wp-json\/wp\/v2\/categories?post=7139"},{"taxonomy":"post_tag","embeddable":true,"href":"https:\/\/www.zssgorkabusko.pl\/index.php\/wp-json\/wp\/v2\/tags?post=7139"}],"curies":[{"name":"wp","href":"https:\/\/api.w.org\/{rel}","templated":true}]}}