{"id":7357,"date":"2023-05-07T16:55:16","date_gmt":"2023-05-07T14:55:16","guid":{"rendered":"http:\/\/www.zssgorkabusko.pl\/?p=7357"},"modified":"2023-05-07T16:55:16","modified_gmt":"2023-05-07T14:55:16","slug":"kultura-osobista-na-co-dzien","status":"publish","type":"post","link":"https:\/\/www.zssgorkabusko.pl\/index.php\/2023\/05\/07\/kultura-osobista-na-co-dzien\/","title":{"rendered":"KULTURA OSOBISTA NA CO DZIE\u0143"},"content":{"rendered":"\n<p>Podczas zaj\u0119\u0107 zorganizowanych w specjalnych grupach wychowawczych, wychowankowie dyskutowali na temat dobrego wychowania, kultury osobistej, wypowiadali si\u0119 na temat s\u0142uszno\u015bci powiedzenia:,, Jak ci\u0119 widz\u0105, tak ci\u0119 pisz\u0105\u201d. Zg\u0142\u0119bili wiedz\u0119 na temat- co to jest kultura osobista. Oceniali zachowanie bohater\u00f3w zagadek sytuacyjnych- sugerowali model poprawnego i po\u017c\u0105danego spo\u0142ecznie zachowania w danej sytuacji. Poznali zasady kulturalnego zachowania w r\u00f3\u017cnych sytuacjach \u017cyciowych. Wsp\u00f3lnie przygotowali wizerunek kulturalnego cz\u0142owieka. <br>Na zako\u0144czenie zaj\u0119\u0107, zosta\u0142 zorganizowany plebiscyt pod has\u0142em: ,,Kto jest obecnie najbardziej kulturaln\u0105 osob\u0105 w grupie?\u201d Wi\u0119kszo\u015bci\u0105 g\u0142os\u00f3w zwyci\u0119\u017cy\u0142a Julka- super dziewczyna, gratulujemy.<\/p>\n\n\n\n<p>Organizator\/Zdj\u0119cia wykonano aparatem fotograficznym Canon w ramach programu ,,Laboratoria Przysz\u0142o\u015bci&#8221;: Marta Karpowicz<\/p>\n\n\n\n<figure class=\"wp-block-gallery has-nested-images columns-2 is-cropped wp-block-gallery-1 is-layout-flex wp-block-gallery-is-layout-flex\">\n<figure class=\"wp-block-image size-large\"><img loading=\"lazy\" decoding=\"async\" width=\"480\" height=\"637\" data-id=\"7360\" src=\"http:\/\/www.zssgorkabusko.pl\/wp-content\/uploads\/2023\/05\/344297912_105539802540738_7498893314527380974_n.jpg\" alt=\"\" class=\"wp-image-7360\" srcset=\"https:\/\/www.zssgorkabusko.pl\/wp-content\/uploads\/2023\/05\/344297912_105539802540738_7498893314527380974_n.jpg 480w, https:\/\/www.zssgorkabusko.pl\/wp-content\/uploads\/2023\/05\/344297912_105539802540738_7498893314527380974_n-226x300.jpg 226w\" sizes=\"auto, (max-width: 480px) 100vw, 480px\" \/><\/figure>\n\n\n\n<figure class=\"wp-block-image size-large\"><img loading=\"lazy\" decoding=\"async\" width=\"480\" height=\"585\" data-id=\"7361\" src=\"http:\/\/www.zssgorkabusko.pl\/wp-content\/uploads\/2023\/05\/344523437_178980011376699_5734833622328606977_n.jpg\" alt=\"\" class=\"wp-image-7361\" srcset=\"https:\/\/www.zssgorkabusko.pl\/wp-content\/uploads\/2023\/05\/344523437_178980011376699_5734833622328606977_n.jpg 480w, https:\/\/www.zssgorkabusko.pl\/wp-content\/uploads\/2023\/05\/344523437_178980011376699_5734833622328606977_n-246x300.jpg 246w\" sizes=\"auto, (max-width: 480px) 100vw, 480px\" \/><\/figure>\n<\/figure>\n","protected":false},"excerpt":{"rendered":"<p>Podczas zaj\u0119\u0107 zorganizowanych w specjalnych grupach wychowawczych, wychowankowie dyskutowali na temat dobrego wychowania, kultury osobistej, wypowiadali si\u0119 na temat s\u0142uszno\u015bci powiedzenia:,, Jak ci\u0119 widz\u0105, tak ci\u0119 pisz\u0105\u201d. Zg\u0142\u0119bili wiedz\u0119 na temat- co to jest kultura osobista. Oceniali zachowanie bohater\u00f3w zagadek sytuacyjnych- sugerowali model poprawnego i po\u017c\u0105danego spo\u0142ecznie zachowania w danej sytuacji. Poznali zasady kulturalnego zachowania &#8230; <a title=\"KULTURA OSOBISTA NA CO DZIE\u0143\" class=\"read-more\" href=\"https:\/\/www.zssgorkabusko.pl\/index.php\/2023\/05\/07\/kultura-osobista-na-co-dzien\/\" aria-label=\"Dowiedz si\u0119 wi\u0119cej o KULTURA OSOBISTA NA CO DZIE\u0143\">Dowiedz si\u0119 wi\u0119cej<\/a><\/p>\n","protected":false},"author":2,"featured_media":0,"comment_status":"closed","ping_status":"open","sticky":false,"template":"","format":"standard","meta":{"ngg_post_thumbnail":0,"footnotes":""},"categories":[1],"tags":[],"class_list":["post-7357","post","type-post","status-publish","format-standard","hentry","category-bez-kategorii"],"_links":{"self":[{"href":"https:\/\/www.zssgorkabusko.pl\/index.php\/wp-json\/wp\/v2\/posts\/7357","targetHints":{"allow":["GET"]}}],"collection":[{"href":"https:\/\/www.zssgorkabusko.pl\/index.php\/wp-json\/wp\/v2\/posts"}],"about":[{"href":"https:\/\/www.zssgorkabusko.pl\/index.php\/wp-json\/wp\/v2\/types\/post"}],"author":[{"embeddable":true,"href":"https:\/\/www.zssgorkabusko.pl\/index.php\/wp-json\/wp\/v2\/users\/2"}],"replies":[{"embeddable":true,"href":"https:\/\/www.zssgorkabusko.pl\/index.php\/wp-json\/wp\/v2\/comments?post=7357"}],"version-history":[{"count":4,"href":"https:\/\/www.zssgorkabusko.pl\/index.php\/wp-json\/wp\/v2\/posts\/7357\/revisions"}],"predecessor-version":[{"id":7363,"href":"https:\/\/www.zssgorkabusko.pl\/index.php\/wp-json\/wp\/v2\/posts\/7357\/revisions\/7363"}],"wp:attachment":[{"href":"https:\/\/www.zssgorkabusko.pl\/index.php\/wp-json\/wp\/v2\/media?parent=7357"}],"wp:term":[{"taxonomy":"category","embeddable":true,"href":"https:\/\/www.zssgorkabusko.pl\/index.php\/wp-json\/wp\/v2\/categories?post=7357"},{"taxonomy":"post_tag","embeddable":true,"href":"https:\/\/www.zssgorkabusko.pl\/index.php\/wp-json\/wp\/v2\/tags?post=7357"}],"curies":[{"name":"wp","href":"https:\/\/api.w.org\/{rel}","templated":true}]}}