{"id":7738,"date":"2023-09-07T12:18:54","date_gmt":"2023-09-07T10:18:54","guid":{"rendered":"http:\/\/www.zssgorkabusko.pl\/?p=7738"},"modified":"2023-09-07T12:18:55","modified_gmt":"2023-09-07T10:18:55","slug":"uroczyste-rozpoczecie-roku-szkolnego-2023-2024","status":"publish","type":"post","link":"https:\/\/www.zssgorkabusko.pl\/index.php\/2023\/09\/07\/uroczyste-rozpoczecie-roku-szkolnego-2023-2024\/","title":{"rendered":"UROCZYSTE ROZPOCZ\u0118CIE ROKU SZKOLNEGO 2023\/2024"},"content":{"rendered":"\n<p>04.09.2023 roku rozpocz\u0105\u0142 si\u0119 nowy rok szkolny. Pani Dyrektor Justyna Kwiatkowska powita\u0142a zebranych uczni\u00f3w, rodzic\u00f3w przebywaj\u0105cych z dzie\u0107mi w szpitalu oraz nauczycieli. <br>Aby uczniom przyjemniej by\u0142o rozpocz\u0105\u0107 przygod\u0119 z nauk\u0105, Pani Dyrektor przedstawi\u0142a kalendarz wolnych dni w roku szkolnym 2023\/2024 oraz \u017cyczy\u0142a wszystkim pozytywnej energii oraz sukces\u00f3w w zdobywaniu wiedzy. Po pierwszym dzwonku, kt\u00f3ry wybrzmia\u0142 og\u0142aszaj\u0105c pocz\u0105tek roku szkolnego uczniowie rozeszli si\u0119 na spotkania ze swoimi wychowawcami.<\/p>\n\n\n\n<p>Organizator\/Zdj\u0119cia wykonano aparatem fotograficznym Canon w ramach programu &#8222;Laboratoria przysz\u0142o\u015bci&#8221;: El\u017cbieta Lotko-Pikul<\/p>\n\n\n\n<figure class=\"wp-block-gallery has-nested-images columns-default is-cropped wp-block-gallery-1 is-layout-flex wp-block-gallery-is-layout-flex\">\n<figure class=\"wp-block-image size-large\"><img loading=\"lazy\" decoding=\"async\" width=\"634\" height=\"480\" data-id=\"7742\" src=\"http:\/\/www.zssgorkabusko.pl\/wp-content\/uploads\/2023\/09\/IMG_3475.jpg\" alt=\"\" class=\"wp-image-7742\" srcset=\"https:\/\/www.zssgorkabusko.pl\/wp-content\/uploads\/2023\/09\/IMG_3475.jpg 634w, https:\/\/www.zssgorkabusko.pl\/wp-content\/uploads\/2023\/09\/IMG_3475-300x227.jpg 300w\" sizes=\"auto, (max-width: 634px) 100vw, 634px\" \/><\/figure>\n\n\n\n<figure class=\"wp-block-image size-large\"><img loading=\"lazy\" decoding=\"async\" width=\"604\" height=\"480\" data-id=\"7741\" src=\"http:\/\/www.zssgorkabusko.pl\/wp-content\/uploads\/2023\/09\/IMG_3479.jpg\" alt=\"\" class=\"wp-image-7741\" srcset=\"https:\/\/www.zssgorkabusko.pl\/wp-content\/uploads\/2023\/09\/IMG_3479.jpg 604w, https:\/\/www.zssgorkabusko.pl\/wp-content\/uploads\/2023\/09\/IMG_3479-300x238.jpg 300w\" sizes=\"auto, (max-width: 604px) 100vw, 604px\" \/><\/figure>\n<\/figure>\n","protected":false},"excerpt":{"rendered":"<p>04.09.2023 roku rozpocz\u0105\u0142 si\u0119 nowy rok szkolny. Pani Dyrektor Justyna Kwiatkowska powita\u0142a zebranych uczni\u00f3w, rodzic\u00f3w przebywaj\u0105cych z dzie\u0107mi w szpitalu oraz nauczycieli. Aby uczniom przyjemniej by\u0142o rozpocz\u0105\u0107 przygod\u0119 z nauk\u0105, Pani Dyrektor przedstawi\u0142a kalendarz wolnych dni w roku szkolnym 2023\/2024 oraz \u017cyczy\u0142a wszystkim pozytywnej energii oraz sukces\u00f3w w zdobywaniu wiedzy. Po pierwszym dzwonku, kt\u00f3ry wybrzmia\u0142 &#8230; <a title=\"UROCZYSTE ROZPOCZ\u0118CIE ROKU SZKOLNEGO 2023\/2024\" class=\"read-more\" href=\"https:\/\/www.zssgorkabusko.pl\/index.php\/2023\/09\/07\/uroczyste-rozpoczecie-roku-szkolnego-2023-2024\/\" aria-label=\"Dowiedz si\u0119 wi\u0119cej o UROCZYSTE ROZPOCZ\u0118CIE ROKU SZKOLNEGO 2023\/2024\">Dowiedz si\u0119 wi\u0119cej<\/a><\/p>\n","protected":false},"author":2,"featured_media":0,"comment_status":"closed","ping_status":"open","sticky":false,"template":"","format":"standard","meta":{"ngg_post_thumbnail":0,"footnotes":""},"categories":[1],"tags":[],"class_list":["post-7738","post","type-post","status-publish","format-standard","hentry","category-bez-kategorii"],"_links":{"self":[{"href":"https:\/\/www.zssgorkabusko.pl\/index.php\/wp-json\/wp\/v2\/posts\/7738","targetHints":{"allow":["GET"]}}],"collection":[{"href":"https:\/\/www.zssgorkabusko.pl\/index.php\/wp-json\/wp\/v2\/posts"}],"about":[{"href":"https:\/\/www.zssgorkabusko.pl\/index.php\/wp-json\/wp\/v2\/types\/post"}],"author":[{"embeddable":true,"href":"https:\/\/www.zssgorkabusko.pl\/index.php\/wp-json\/wp\/v2\/users\/2"}],"replies":[{"embeddable":true,"href":"https:\/\/www.zssgorkabusko.pl\/index.php\/wp-json\/wp\/v2\/comments?post=7738"}],"version-history":[{"count":3,"href":"https:\/\/www.zssgorkabusko.pl\/index.php\/wp-json\/wp\/v2\/posts\/7738\/revisions"}],"predecessor-version":[{"id":7743,"href":"https:\/\/www.zssgorkabusko.pl\/index.php\/wp-json\/wp\/v2\/posts\/7738\/revisions\/7743"}],"wp:attachment":[{"href":"https:\/\/www.zssgorkabusko.pl\/index.php\/wp-json\/wp\/v2\/media?parent=7738"}],"wp:term":[{"taxonomy":"category","embeddable":true,"href":"https:\/\/www.zssgorkabusko.pl\/index.php\/wp-json\/wp\/v2\/categories?post=7738"},{"taxonomy":"post_tag","embeddable":true,"href":"https:\/\/www.zssgorkabusko.pl\/index.php\/wp-json\/wp\/v2\/tags?post=7738"}],"curies":[{"name":"wp","href":"https:\/\/api.w.org\/{rel}","templated":true}]}}