{"id":7755,"date":"2023-09-10T17:03:00","date_gmt":"2023-09-10T15:03:00","guid":{"rendered":"http:\/\/www.zssgorkabusko.pl\/?p=7755"},"modified":"2023-09-10T17:12:13","modified_gmt":"2023-09-10T15:12:13","slug":"zapal-znicz-bohaterem-wrzesnia","status":"publish","type":"post","link":"https:\/\/www.zssgorkabusko.pl\/index.php\/2023\/09\/10\/zapal-znicz-bohaterem-wrzesnia\/","title":{"rendered":"ZAPAL ZNICZ BOHATEREM WRZE\u015aNIA"},"content":{"rendered":"\n<p>We wrze\u015bniu 1939 roku \u00a0niedu\u017ca wie\u015b pod Buskiem Bronina by\u0142a \u015bwiadkiem krwawej bitwy, <br>jak\u0105 z Niemcami stoczy\u0142a wchodz\u0105ca w sk\u0142ad Armii \u201eKrak\u00f3w\u201d 22. Dywizja Piechoty G\u00f3rskiej. <br>Z okazji 84. rocznicy tego wydarzenia oraz w ramach og\u00f3lnopolskiej akcji \u201eZapa\u0142 znicz Bohaterom Wrze\u015bnia\u201d wychowankowie naszej szko\u0142y w czasie zaj\u0119\u0107 Specjalnych Grup Wychowawczych zapoznali si\u0119 jej histori\u0105. Przegl\u0105dali pozycje ksi\u0105\u017ckowe, artyku\u0142y i zdj\u0119cia odnosz\u0105ce si\u0119 do tego wydarzenia. Odbyli r\u00f3wnie\u017c wirtualny spacer po cmentarzu parafialnym w Szczawory\u017cu, <br>gdzie w grobie nazywanym \u201eSchodami do nieba\u201d spoczywaj\u0105 \u017co\u0142nierze, kt\u00f3rzy polegli w czasie bitwy. Symboliczny znicz w imieniu naszych wychowank\u00f3w zapalili harcerze z zaprzyja\u017anionej Szko\u0142y Podstawowej w Sies\u0142awicach wraz z przedstawicielem wychowawc\u00f3w.<\/p>\n\n\n\n<figure class=\"wp-block-gallery aligncenter has-nested-images columns-default is-cropped wp-block-gallery-1 is-layout-flex wp-block-gallery-is-layout-flex\">\n<figure class=\"wp-block-image size-large\"><img loading=\"lazy\" decoding=\"async\" width=\"452\" height=\"640\" data-id=\"7756\" src=\"http:\/\/www.zssgorkabusko.pl\/wp-content\/uploads\/2023\/09\/Ziemia-Zdjecie-z-Niebieskim-Ksztaltem-Antywojenny-Plakat_20230909_194227_0000.png\" alt=\"\" class=\"wp-image-7756\" srcset=\"https:\/\/www.zssgorkabusko.pl\/wp-content\/uploads\/2023\/09\/Ziemia-Zdjecie-z-Niebieskim-Ksztaltem-Antywojenny-Plakat_20230909_194227_0000.png 452w, https:\/\/www.zssgorkabusko.pl\/wp-content\/uploads\/2023\/09\/Ziemia-Zdjecie-z-Niebieskim-Ksztaltem-Antywojenny-Plakat_20230909_194227_0000-212x300.png 212w\" sizes=\"auto, (max-width: 452px) 100vw, 452px\" \/><\/figure>\n<\/figure>\n\n\n\n<p>Organizator\/Zdj\u0119cia wykonano aparatem fotograficznym Canon w ramach programu ,,Laboratoria Przysz\u0142o\u015bci&#8221;: Dorota J\u00f3zefiak<\/p>\n","protected":false},"excerpt":{"rendered":"<p>We wrze\u015bniu 1939 roku \u00a0niedu\u017ca wie\u015b pod Buskiem Bronina by\u0142a \u015bwiadkiem krwawej bitwy, jak\u0105 z Niemcami stoczy\u0142a wchodz\u0105ca w sk\u0142ad Armii \u201eKrak\u00f3w\u201d 22. Dywizja Piechoty G\u00f3rskiej. Z okazji 84. rocznicy tego wydarzenia oraz w ramach og\u00f3lnopolskiej akcji \u201eZapa\u0142 znicz Bohaterom Wrze\u015bnia\u201d wychowankowie naszej szko\u0142y w czasie zaj\u0119\u0107 Specjalnych Grup Wychowawczych zapoznali si\u0119 jej histori\u0105. Przegl\u0105dali &#8230; <a title=\"ZAPAL ZNICZ BOHATEREM WRZE\u015aNIA\" class=\"read-more\" href=\"https:\/\/www.zssgorkabusko.pl\/index.php\/2023\/09\/10\/zapal-znicz-bohaterem-wrzesnia\/\" aria-label=\"Dowiedz si\u0119 wi\u0119cej o ZAPAL ZNICZ BOHATEREM WRZE\u015aNIA\">Dowiedz si\u0119 wi\u0119cej<\/a><\/p>\n","protected":false},"author":2,"featured_media":0,"comment_status":"closed","ping_status":"open","sticky":false,"template":"","format":"standard","meta":{"ngg_post_thumbnail":0,"footnotes":""},"categories":[1],"tags":[],"class_list":["post-7755","post","type-post","status-publish","format-standard","hentry","category-bez-kategorii"],"_links":{"self":[{"href":"https:\/\/www.zssgorkabusko.pl\/index.php\/wp-json\/wp\/v2\/posts\/7755","targetHints":{"allow":["GET"]}}],"collection":[{"href":"https:\/\/www.zssgorkabusko.pl\/index.php\/wp-json\/wp\/v2\/posts"}],"about":[{"href":"https:\/\/www.zssgorkabusko.pl\/index.php\/wp-json\/wp\/v2\/types\/post"}],"author":[{"embeddable":true,"href":"https:\/\/www.zssgorkabusko.pl\/index.php\/wp-json\/wp\/v2\/users\/2"}],"replies":[{"embeddable":true,"href":"https:\/\/www.zssgorkabusko.pl\/index.php\/wp-json\/wp\/v2\/comments?post=7755"}],"version-history":[{"count":7,"href":"https:\/\/www.zssgorkabusko.pl\/index.php\/wp-json\/wp\/v2\/posts\/7755\/revisions"}],"predecessor-version":[{"id":7767,"href":"https:\/\/www.zssgorkabusko.pl\/index.php\/wp-json\/wp\/v2\/posts\/7755\/revisions\/7767"}],"wp:attachment":[{"href":"https:\/\/www.zssgorkabusko.pl\/index.php\/wp-json\/wp\/v2\/media?parent=7755"}],"wp:term":[{"taxonomy":"category","embeddable":true,"href":"https:\/\/www.zssgorkabusko.pl\/index.php\/wp-json\/wp\/v2\/categories?post=7755"},{"taxonomy":"post_tag","embeddable":true,"href":"https:\/\/www.zssgorkabusko.pl\/index.php\/wp-json\/wp\/v2\/tags?post=7755"}],"curies":[{"name":"wp","href":"https:\/\/api.w.org\/{rel}","templated":true}]}}