{"id":7773,"date":"2023-09-10T17:30:18","date_gmt":"2023-09-10T15:30:18","guid":{"rendered":"http:\/\/www.zssgorkabusko.pl\/?p=7773"},"modified":"2023-09-19T20:54:01","modified_gmt":"2023-09-19T18:54:01","slug":"narodowe-czytanie-3","status":"publish","type":"post","link":"https:\/\/www.zssgorkabusko.pl\/index.php\/2023\/09\/10\/narodowe-czytanie-3\/","title":{"rendered":"NARODOWE CZYTANIE"},"content":{"rendered":"\n<p><em>Nad Niemnem<\/em>&nbsp;to najbardziej znana powie\u015b\u0107 Elizy Orzeszkowej. Powstawa\u0142a w latach 1886\u20131887, a w formie ksi\u0105\u017cki ukaza\u0142a si\u0119 w 1888 roku. Ze wzgl\u0119du na barwne opisy, wyrazistych bohater\u00f3w <br>i odwo\u0142ania historyczne dzie\u0142o por\u00f3wnywano do Mickiewiczowskiego&nbsp;<em>Pana Tadeusza<\/em>. <br>\u017badna inna ksi\u0105\u017cka pisarki nie zosta\u0142a tak entuzjastycznie przyj\u0119ta. <em>Nad Niemnem<\/em>&nbsp;to jeden <br>z najwa\u017cniejszych utwor\u00f3w literatury polskiej podejmuj\u0105cy tematyk\u0119 Powstania Styczniowego.<\/p>\n\n\n\n<p>Podczas 12. ods\u0142ony Narodowego Czytania uczniowie Zespo\u0142u Szk\u00f3\u0142 Specjalnych&nbsp; <br>w Busku-Zdroju zaprezentowali fragmenty opisuj\u0105ce bogat\u0105 nadnieme\u0144sk\u0105 przyrod\u0119, <br>wspania\u0142e pejza\u017ce, bogaty obraz \u017cycia spo\u0142ecznego. Ta nastrojowa ksi\u0105\u017cka, napisana barwnym j\u0119zykiem,&nbsp;a zarazem dono\u015bna i sugestywna w swym patriotycznym przes\u0142aniu pozwoli\u0142a nam <br>na ponowne spotkanie z rodzinami Bohatyrowicz\u00f3w i Korczy\u0144skich.<\/p>\n\n\n\n<p>Od kilku lat, podczas Narodowego Czytania, uczniowie Zespo\u0142u prezentuj\u0105 najwybitniejsze dzie\u0142a literatury polskiej stanowi\u0105ce podstaw\u0119 naszej kultury i to\u017csamo\u015bci. Zapoznaj\u0105 si\u0119 r\u00f3wnie\u017c <br>z wielkimi ideami czas\u00f3w, w kt\u00f3rych powstawa\u0142y.<\/p>\n\n\n<div class=\"wp-block-image\">\n<figure class=\"aligncenter size-large\"><img loading=\"lazy\" decoding=\"async\" width=\"1024\" height=\"526\" src=\"http:\/\/www.zssgorkabusko.pl\/wp-content\/uploads\/2023\/09\/Narodowe-Czytanie-2023.-Baner-1024x526.jpg\" alt=\"\" class=\"wp-image-7793\" srcset=\"https:\/\/www.zssgorkabusko.pl\/wp-content\/uploads\/2023\/09\/Narodowe-Czytanie-2023.-Baner-1024x526.jpg 1024w, https:\/\/www.zssgorkabusko.pl\/wp-content\/uploads\/2023\/09\/Narodowe-Czytanie-2023.-Baner-300x154.jpg 300w, https:\/\/www.zssgorkabusko.pl\/wp-content\/uploads\/2023\/09\/Narodowe-Czytanie-2023.-Baner-768x394.jpg 768w, https:\/\/www.zssgorkabusko.pl\/wp-content\/uploads\/2023\/09\/Narodowe-Czytanie-2023.-Baner-1536x789.jpg 1536w, https:\/\/www.zssgorkabusko.pl\/wp-content\/uploads\/2023\/09\/Narodowe-Czytanie-2023.-Baner-2048x1052.jpg 2048w\" sizes=\"auto, (max-width: 1024px) 100vw, 1024px\" \/><\/figure><\/div>\n\n\n<p>Organizator\/Zdj\u0119cia wykonano aparatem fotograficznym Canon w ramach programu ,,Laboratoria Przysz\u0142o\u015bci&#8221;: Dorota J\u00f3zefiak, Marta Karpowicz, Agnieszka Kaszewska<\/p>\n","protected":false},"excerpt":{"rendered":"<p>Nad Niemnem&nbsp;to najbardziej znana powie\u015b\u0107 Elizy Orzeszkowej. Powstawa\u0142a w latach 1886\u20131887, a w formie ksi\u0105\u017cki ukaza\u0142a si\u0119 w 1888 roku. Ze wzgl\u0119du na barwne opisy, wyrazistych bohater\u00f3w i odwo\u0142ania historyczne dzie\u0142o por\u00f3wnywano do Mickiewiczowskiego&nbsp;Pana Tadeusza. \u017badna inna ksi\u0105\u017cka pisarki nie zosta\u0142a tak entuzjastycznie przyj\u0119ta. Nad Niemnem&nbsp;to jeden z najwa\u017cniejszych utwor\u00f3w literatury polskiej podejmuj\u0105cy tematyk\u0119 Powstania &#8230; <a title=\"NARODOWE CZYTANIE\" class=\"read-more\" href=\"https:\/\/www.zssgorkabusko.pl\/index.php\/2023\/09\/10\/narodowe-czytanie-3\/\" aria-label=\"Dowiedz si\u0119 wi\u0119cej o NARODOWE CZYTANIE\">Dowiedz si\u0119 wi\u0119cej<\/a><\/p>\n","protected":false},"author":2,"featured_media":0,"comment_status":"closed","ping_status":"open","sticky":false,"template":"","format":"standard","meta":{"ngg_post_thumbnail":0,"footnotes":""},"categories":[1],"tags":[],"class_list":["post-7773","post","type-post","status-publish","format-standard","hentry","category-bez-kategorii"],"_links":{"self":[{"href":"https:\/\/www.zssgorkabusko.pl\/index.php\/wp-json\/wp\/v2\/posts\/7773","targetHints":{"allow":["GET"]}}],"collection":[{"href":"https:\/\/www.zssgorkabusko.pl\/index.php\/wp-json\/wp\/v2\/posts"}],"about":[{"href":"https:\/\/www.zssgorkabusko.pl\/index.php\/wp-json\/wp\/v2\/types\/post"}],"author":[{"embeddable":true,"href":"https:\/\/www.zssgorkabusko.pl\/index.php\/wp-json\/wp\/v2\/users\/2"}],"replies":[{"embeddable":true,"href":"https:\/\/www.zssgorkabusko.pl\/index.php\/wp-json\/wp\/v2\/comments?post=7773"}],"version-history":[{"count":11,"href":"https:\/\/www.zssgorkabusko.pl\/index.php\/wp-json\/wp\/v2\/posts\/7773\/revisions"}],"predecessor-version":[{"id":7800,"href":"https:\/\/www.zssgorkabusko.pl\/index.php\/wp-json\/wp\/v2\/posts\/7773\/revisions\/7800"}],"wp:attachment":[{"href":"https:\/\/www.zssgorkabusko.pl\/index.php\/wp-json\/wp\/v2\/media?parent=7773"}],"wp:term":[{"taxonomy":"category","embeddable":true,"href":"https:\/\/www.zssgorkabusko.pl\/index.php\/wp-json\/wp\/v2\/categories?post=7773"},{"taxonomy":"post_tag","embeddable":true,"href":"https:\/\/www.zssgorkabusko.pl\/index.php\/wp-json\/wp\/v2\/tags?post=7773"}],"curies":[{"name":"wp","href":"https:\/\/api.w.org\/{rel}","templated":true}]}}