{"id":7871,"date":"2023-10-01T18:45:23","date_gmt":"2023-10-01T16:45:23","guid":{"rendered":"http:\/\/www.zssgorkabusko.pl\/?p=7871"},"modified":"2023-10-01T18:45:23","modified_gmt":"2023-10-01T16:45:23","slug":"sprzatamydlapolski","status":"publish","type":"post","link":"https:\/\/www.zssgorkabusko.pl\/index.php\/2023\/10\/01\/sprzatamydlapolski\/","title":{"rendered":"#SPRZ\u0104TAMYDLAPOLSKI"},"content":{"rendered":"\n<p>To ju\u017c 30 edycja akcji ,,Sprz\u0105tanie \u015bwiata\u201d. Nasza \u015bwiadomo\u015b\u0107 ekologiczna jest coraz wi\u0119ksza, <br>a edukacja oraz podejmowane dzia\u0142ania zmniejszaj\u0105 negatywny wp\u0142yw na \u015brodowisko.<\/p>\n\n\n\n<p>28.09.2023r. nasza szko\u0142a do\u0142\u0105czy\u0142a do og\u00f3lnopolskiej akcji ,,Sprz\u0105tanie Dla Polski\u201d. <br>G\u0142\u00f3wnym celem by\u0142o rozbudzanie \u015bwiadomo\u015bci i odpowiedzialno\u015bci za \u015brodowisko naturalne. <br>Uczniowie wraz z nauczycielami zaopatrzeni w odpowiednie narz\u0119dzia oczyszczali ze \u015bmieci pobliskie tereny zielone, czego efektem by\u0142y worki pe\u0142ne \u015bmieci. Czynny udzia\u0142 w tym przedsi\u0119wzi\u0119ciu da\u0142 do zrozumienia jak wa\u017cne jest umiej\u0119tne gospodarowanie odpadami i dba\u0142o\u015b\u0107 o czysto\u015b\u0107 najbli\u017cszego otoczenia.<\/p>\n\n\n\n<p>Organizator\/Zdj\u0119cia wykonano aparatem fotograficznym Canon w ramach programu ,,Laboratoria Przysz\u0142o\u015bci&#8221;:&nbsp;Anna Mazur, Iwona Klepka, Marek Kwa\u015bniewski<\/p>\n\n\n\nngg_shortcode_0_placeholder\n","protected":false},"excerpt":{"rendered":"<p>To ju\u017c 30 edycja akcji ,,Sprz\u0105tanie \u015bwiata\u201d. Nasza \u015bwiadomo\u015b\u0107 ekologiczna jest coraz wi\u0119ksza, a edukacja oraz podejmowane dzia\u0142ania zmniejszaj\u0105 negatywny wp\u0142yw na \u015brodowisko. 28.09.2023r. nasza szko\u0142a do\u0142\u0105czy\u0142a do og\u00f3lnopolskiej akcji ,,Sprz\u0105tanie Dla Polski\u201d. G\u0142\u00f3wnym celem by\u0142o rozbudzanie \u015bwiadomo\u015bci i odpowiedzialno\u015bci za \u015brodowisko naturalne. Uczniowie wraz z nauczycielami zaopatrzeni w odpowiednie narz\u0119dzia oczyszczali ze \u015bmieci pobliskie &#8230; <a title=\"#SPRZ\u0104TAMYDLAPOLSKI\" class=\"read-more\" href=\"https:\/\/www.zssgorkabusko.pl\/index.php\/2023\/10\/01\/sprzatamydlapolski\/\" aria-label=\"Dowiedz si\u0119 wi\u0119cej o #SPRZ\u0104TAMYDLAPOLSKI\">Dowiedz si\u0119 wi\u0119cej<\/a><\/p>\n","protected":false},"author":2,"featured_media":0,"comment_status":"closed","ping_status":"open","sticky":false,"template":"","format":"standard","meta":{"ngg_post_thumbnail":0,"footnotes":""},"categories":[1],"tags":[],"class_list":["post-7871","post","type-post","status-publish","format-standard","hentry","category-bez-kategorii"],"_links":{"self":[{"href":"https:\/\/www.zssgorkabusko.pl\/index.php\/wp-json\/wp\/v2\/posts\/7871","targetHints":{"allow":["GET"]}}],"collection":[{"href":"https:\/\/www.zssgorkabusko.pl\/index.php\/wp-json\/wp\/v2\/posts"}],"about":[{"href":"https:\/\/www.zssgorkabusko.pl\/index.php\/wp-json\/wp\/v2\/types\/post"}],"author":[{"embeddable":true,"href":"https:\/\/www.zssgorkabusko.pl\/index.php\/wp-json\/wp\/v2\/users\/2"}],"replies":[{"embeddable":true,"href":"https:\/\/www.zssgorkabusko.pl\/index.php\/wp-json\/wp\/v2\/comments?post=7871"}],"version-history":[{"count":4,"href":"https:\/\/www.zssgorkabusko.pl\/index.php\/wp-json\/wp\/v2\/posts\/7871\/revisions"}],"predecessor-version":[{"id":7875,"href":"https:\/\/www.zssgorkabusko.pl\/index.php\/wp-json\/wp\/v2\/posts\/7871\/revisions\/7875"}],"wp:attachment":[{"href":"https:\/\/www.zssgorkabusko.pl\/index.php\/wp-json\/wp\/v2\/media?parent=7871"}],"wp:term":[{"taxonomy":"category","embeddable":true,"href":"https:\/\/www.zssgorkabusko.pl\/index.php\/wp-json\/wp\/v2\/categories?post=7871"},{"taxonomy":"post_tag","embeddable":true,"href":"https:\/\/www.zssgorkabusko.pl\/index.php\/wp-json\/wp\/v2\/tags?post=7871"}],"curies":[{"name":"wp","href":"https:\/\/api.w.org\/{rel}","templated":true}]}}