{"id":7997,"date":"2023-11-11T18:25:26","date_gmt":"2023-11-11T17:25:26","guid":{"rendered":"http:\/\/www.zssgorkabusko.pl\/?p=7997"},"modified":"2023-11-11T18:25:27","modified_gmt":"2023-11-11T17:25:27","slug":"niepodlegla-do-hymnu","status":"publish","type":"post","link":"https:\/\/www.zssgorkabusko.pl\/index.php\/2023\/11\/11\/niepodlegla-do-hymnu\/","title":{"rendered":"NIEPODLEG\u0141A DO HYMNU"},"content":{"rendered":"\n<p><em><strong>Dzisiaj wielka jest rocznica, jedenasty listopada\u2026..<\/strong><\/em><\/p>\n\n\n\n<p>09.11.2023r. odby\u0142a si\u0119 lekcja patriotyzmu i historii po\u015bwi\u0119cona 105. rocznicy Odzyskania Niepodleg\u0142o\u015bci. W trosce o pami\u0119\u0107 minionych wydarze\u0144 u\u015bwiadomiono m\u0142odym ludziom, czym jest niepodleg\u0142o\u015b\u0107, podtrzymywanie narodowych tradycji, piel\u0119gnowanie polsko\u015bci oraz znaczenie tego \u015bwi\u0119ta dla Polak\u00f3w. W\u0142\u0105czenie si\u0119 w og\u00f3lnopolsk\u0105 akcj\u0119 ,,Szko\u0142a do hymnu\u201d podkre\u015bli\u0142o podnios\u0142\u0105 symbolik\u0119 i wzbudzi\u0142o refleksj\u0119 na temat wydarze\u0144 z 1918 roku.<br><\/p>\n\n\n\n<p>Organizacja\/Foto: Zdj\u0119cia wykonano aparatem fotograficznym Canon w ramach programu&nbsp;,,Laboratoria przysz\u0142o\u015bci\u201d. Iwona Klepka, Anna Fraczkiewicz, Marta Karpowicz, Dorota J\u00f3zefiak, Marek Kwa\u015bniewski, Anna Mazur. <\/p>\n\n\n\nngg_shortcode_0_placeholder\n\n\n\n<figure class=\"wp-block-video\"><video controls src=\"http:\/\/www.zssgorkabusko.pl\/wp-content\/uploads\/2023\/11\/10000000_6332074513558647_8653055204752216338_n.mp4\"><\/video><\/figure>\n\n\n\n<figure class=\"wp-block-video\"><video controls src=\"http:\/\/www.zssgorkabusko.pl\/wp-content\/uploads\/2023\/11\/400802918_24121778267470705_1080243072025248373_n.mp4\"><\/video><\/figure>\n","protected":false},"excerpt":{"rendered":"<p>Dzisiaj wielka jest rocznica, jedenasty listopada\u2026.. 09.11.2023r. odby\u0142a si\u0119 lekcja patriotyzmu i historii po\u015bwi\u0119cona 105. rocznicy Odzyskania Niepodleg\u0142o\u015bci. W trosce o pami\u0119\u0107 minionych wydarze\u0144 u\u015bwiadomiono m\u0142odym ludziom, czym jest niepodleg\u0142o\u015b\u0107, podtrzymywanie narodowych tradycji, piel\u0119gnowanie polsko\u015bci oraz znaczenie tego \u015bwi\u0119ta dla Polak\u00f3w. W\u0142\u0105czenie si\u0119 w og\u00f3lnopolsk\u0105 akcj\u0119 ,,Szko\u0142a do hymnu\u201d podkre\u015bli\u0142o podnios\u0142\u0105 symbolik\u0119 i wzbudzi\u0142o refleksj\u0119 &#8230; <a title=\"NIEPODLEG\u0141A DO HYMNU\" class=\"read-more\" href=\"https:\/\/www.zssgorkabusko.pl\/index.php\/2023\/11\/11\/niepodlegla-do-hymnu\/\" aria-label=\"Dowiedz si\u0119 wi\u0119cej o NIEPODLEG\u0141A DO HYMNU\">Dowiedz si\u0119 wi\u0119cej<\/a><\/p>\n","protected":false},"author":2,"featured_media":0,"comment_status":"closed","ping_status":"open","sticky":false,"template":"","format":"standard","meta":{"ngg_post_thumbnail":0,"footnotes":""},"categories":[1],"tags":[],"class_list":["post-7997","post","type-post","status-publish","format-standard","hentry","category-bez-kategorii"],"_links":{"self":[{"href":"https:\/\/www.zssgorkabusko.pl\/index.php\/wp-json\/wp\/v2\/posts\/7997","targetHints":{"allow":["GET"]}}],"collection":[{"href":"https:\/\/www.zssgorkabusko.pl\/index.php\/wp-json\/wp\/v2\/posts"}],"about":[{"href":"https:\/\/www.zssgorkabusko.pl\/index.php\/wp-json\/wp\/v2\/types\/post"}],"author":[{"embeddable":true,"href":"https:\/\/www.zssgorkabusko.pl\/index.php\/wp-json\/wp\/v2\/users\/2"}],"replies":[{"embeddable":true,"href":"https:\/\/www.zssgorkabusko.pl\/index.php\/wp-json\/wp\/v2\/comments?post=7997"}],"version-history":[{"count":6,"href":"https:\/\/www.zssgorkabusko.pl\/index.php\/wp-json\/wp\/v2\/posts\/7997\/revisions"}],"predecessor-version":[{"id":8009,"href":"https:\/\/www.zssgorkabusko.pl\/index.php\/wp-json\/wp\/v2\/posts\/7997\/revisions\/8009"}],"wp:attachment":[{"href":"https:\/\/www.zssgorkabusko.pl\/index.php\/wp-json\/wp\/v2\/media?parent=7997"}],"wp:term":[{"taxonomy":"category","embeddable":true,"href":"https:\/\/www.zssgorkabusko.pl\/index.php\/wp-json\/wp\/v2\/categories?post=7997"},{"taxonomy":"post_tag","embeddable":true,"href":"https:\/\/www.zssgorkabusko.pl\/index.php\/wp-json\/wp\/v2\/tags?post=7997"}],"curies":[{"name":"wp","href":"https:\/\/api.w.org\/{rel}","templated":true}]}}